{"id":3416,"date":"2022-08-05T12:08:50","date_gmt":"2022-08-05T11:08:50","guid":{"rendered":"https:\/\/tinypopup.de\/?p=3416"},"modified":"2022-08-06T18:36:53","modified_gmt":"2022-08-06T17:36:53","slug":"mehr-tiny-houses-ermoeglichen","status":"publish","type":"post","link":"https:\/\/tinypopup.de\/tiny-house-muenchen\/mehr-tiny-houses-ermoeglichen\/","title":{"rendered":"Mehr Tiny Houses erm\u00f6glichen"},"content":{"rendered":"<div class=\"fusion-fullwidth fullwidth-box fusion-builder-row-1 fusion-flex-container nonhundred-percent-fullwidth non-hundred-percent-height-scrolling\" style=\"background-color: rgba(255,255,255,0);background-position: center center;background-repeat: no-repeat;border-width: 0px 0px 0px 0px;border-color:#eae9e9;border-style:solid;\" ><div class=\"fusion-builder-row fusion-row fusion-flex-align-items-flex-start\" style=\"max-width:1216.8px;margin-left: calc(-4% \/ 2 );margin-right: calc(-4% \/ 2 );\"><div class=\"fusion-layout-column fusion_builder_column fusion-builder-column-0 fusion_builder_column_2_3 2_3 fusion-flex-column\"><div class=\"fusion-column-wrapper fusion-flex-justify-content-flex-start fusion-content-layout-column\" style=\"background-position:left top;background-repeat:no-repeat;-webkit-background-size:cover;-moz-background-size:cover;-o-background-size:cover;background-size:cover;padding: 0px 0px 0px 0px;\"><div ><span class=\" fusion-imageframe imageframe-none imageframe-1 hover-type-none\"><img decoding=\"async\" width=\"1024\" height=\"683\" title=\"presse-mitteilung-gru\u0308ne-rosa-liste-mehr-tiny-houses-ermo\u0308glichen-tiny-pop-up-muenchen-pullach\" src=\"https:\/\/i0.wp.com\/tinypopup.de\/wp-content\/uploads\/2022\/07\/presse-mitteilung-gru%CC%88ne-rosa-liste-mehr-tiny-houses-ermo%CC%88glichen-tiny-pop-up-muenchen-pullach.jpg?fit=1024%2C683&ssl=1\" data-orig-src=\"https:\/\/tinypopup.de\/wp-content\/uploads\/2022\/07\/presse-mitteilung-gru\u0308ne-rosa-liste-mehr-tiny-houses-ermo\u0308glichen-tiny-pop-up-muenchen-pullach.jpg\" alt class=\"lazyload img-responsive wp-image-3417\" srcset=\"data:image\/svg+xml,%3Csvg%20xmlns%3D%27http%3A%2F%2Fwww.w3.org%2F2000%2Fsvg%27%20width%3D%271024%27%20height%3D%27683%27%20viewBox%3D%270%200%201024%20683%27%3E%3Crect%20width%3D%271024%27%20height%3D%27683%27%20fill-opacity%3D%220%22%2F%3E%3C%2Fsvg%3E\" data-srcset=\"https:\/\/i0.wp.com\/tinypopup.de\/wp-content\/uploads\/2022\/07\/presse-mitteilung-gru%CC%88ne-rosa-liste-mehr-tiny-houses-ermo%CC%88glichen-tiny-pop-up-muenchen-pullach.jpg?resize=200%2C133&amp;ssl=1 200w, https:\/\/i0.wp.com\/tinypopup.de\/wp-content\/uploads\/2022\/07\/presse-mitteilung-gru%CC%88ne-rosa-liste-mehr-tiny-houses-ermo%CC%88glichen-tiny-pop-up-muenchen-pullach.jpg?resize=272%2C182&amp;ssl=1 272w, https:\/\/i0.wp.com\/tinypopup.de\/wp-content\/uploads\/2022\/07\/presse-mitteilung-gru%CC%88ne-rosa-liste-mehr-tiny-houses-ermo%CC%88glichen-tiny-pop-up-muenchen-pullach.jpg?resize=300%2C200&amp;ssl=1 300w, https:\/\/i0.wp.com\/tinypopup.de\/wp-content\/uploads\/2022\/07\/presse-mitteilung-gru%CC%88ne-rosa-liste-mehr-tiny-houses-ermo%CC%88glichen-tiny-pop-up-muenchen-pullach.jpg?resize=400%2C267&amp;ssl=1 400w, https:\/\/i0.wp.com\/tinypopup.de\/wp-content\/uploads\/2022\/07\/presse-mitteilung-gru%CC%88ne-rosa-liste-mehr-tiny-houses-ermo%CC%88glichen-tiny-pop-up-muenchen-pullach.jpg?resize=600%2C400&amp;ssl=1 600w, https:\/\/i0.wp.com\/tinypopup.de\/wp-content\/uploads\/2022\/07\/presse-mitteilung-gru%CC%88ne-rosa-liste-mehr-tiny-houses-ermo%CC%88glichen-tiny-pop-up-muenchen-pullach.jpg?resize=768%2C512&amp;ssl=1 768w, https:\/\/i0.wp.com\/tinypopup.de\/wp-content\/uploads\/2022\/07\/presse-mitteilung-gru%CC%88ne-rosa-liste-mehr-tiny-houses-ermo%CC%88glichen-tiny-pop-up-muenchen-pullach.jpg?resize=800%2C534&amp;ssl=1 800w, https:\/\/i0.wp.com\/tinypopup.de\/wp-content\/uploads\/2022\/07\/presse-mitteilung-gru%CC%88ne-rosa-liste-mehr-tiny-houses-ermo%CC%88glichen-tiny-pop-up-muenchen-pullach.jpg?w=1024&amp;ssl=1 1024w\" data-sizes=\"auto\" data-orig-sizes=\"(max-width: 800px) 100vw, (max-width: 640px) 100vw, 800px\" \/><\/span><\/div><style type=\"text\/css\">@media only screen and (max-width:800px) {.fusion-title.fusion-title-1{margin-top:0px!important; margin-right:0px!important;margin-bottom:30px!important;margin-left:0px!important;}}@media only screen and (max-width:640px) {.fusion-title.fusion-title-1{margin-top:0px!important; margin-right:0px!important;margin-bottom:20px!important; margin-left:0px!important;}}<\/style><div class=\"fusion-title title fusion-title-1 fusion-sep-none fusion-title-text fusion-title-size-two\" style=\"margin-top:0px;margin-right:0px;margin-bottom:30px;margin-left:0px;\"><h2 class=\"title-heading-left fusion-responsive-typography-calculated\" style=\"margin:0;--fontSize:48;line-height:1.25;\">Mehr Tiny Houses in M\u00fcnchen<\/h2><\/div><div class=\"fusion-text fusion-text-1\"><p><span class=\"_aacl _aaco _aacu _aacx _aad7 _aade\">&#x1f389;Es bewegt sich was in M\u00fcnchen! Der Planungsausschuss hat beschlossen Tiny Houses auf daf\u00fcr geeigneten Fl\u00e4chen zu erm\u00f6glichen und Interessierte \u00fcber die M\u00f6glichkeiten zu informieren.<\/span><\/p>\n<p>&#x270a;Es freut uns zu sehen, dass sich unser teils sehr kr\u00e4ftezehrendes Engagement doch lohnt:<\/p>\n<p>&#x1f3d8;&#xfe0f;&#x1f331;Verwaltung und Stadtpolitik wissen jetzt, was Tiny Houses sind und bewerten sie als positive Nische &amp; Inspiration um ressourcensparend zu leben.<\/p>\n<p>&#x1f4aa;An der M\u00fcnchner Stadtgrenze, in Pullach, durften wir erleben, wie mit wenig Verwaltungsaufwand der neue Standort z\u00fcgig realisiert wurde.<\/p>\n<p>&#x1f91d; Dies w\u00fcnschen wir uns auch f\u00fcr die vielen ungenutzten und brach liegenden Fl\u00e4chen im Stadtgebiet.<\/p>\n<p>&#x270a;Einfach nichts darauf zu machen, weil es weniger Aufwand bedeutet , z\u00e4hlt nicht mehr<\/p>\n<p>&#x2764;&#xfe0f;Vielen Dank an alle, die sich f\u00fcr Tiny Living in M\u00fcnchen eingesetzt haben und dies nach wie vor tun<\/p>\n<p><a class=\"oajrlxb2 g5ia77u1 qu0x051f esr5mh6w e9989ue4 r7d6kgcz rq0escxv nhd2j8a9 nc684nl6 p7hjln8o kvgmc6g5 cxmmr5t8 oygrvhab hcukyx3x jb3vyjys rz4wbd8a qt6c0cv9 a8nywdso i1ao9s8h esuyzwwr f1sip0of lzcic4wl notranslate _a6hd\" tabindex=\"0\" role=\"link\" href=\"https:\/\/www.instagram.com\/anuka76\/\" target=\"_blank\" rel=\"noopener\">@anuka76<\/a> <a class=\"oajrlxb2 g5ia77u1 qu0x051f esr5mh6w e9989ue4 r7d6kgcz rq0escxv nhd2j8a9 nc684nl6 p7hjln8o kvgmc6g5 cxmmr5t8 oygrvhab hcukyx3x jb3vyjys rz4wbd8a qt6c0cv9 a8nywdso i1ao9s8h esuyzwwr f1sip0of lzcic4wl notranslate _a6hd\" tabindex=\"0\" role=\"link\" href=\"https:\/\/www.instagram.com\/gruenefraktionmuc\/\" target=\"_blank\" rel=\"noopener\">@gruenefraktionmuc<\/a> <a class=\"oajrlxb2 g5ia77u1 qu0x051f esr5mh6w e9989ue4 r7d6kgcz rq0escxv nhd2j8a9 nc684nl6 p7hjln8o kvgmc6g5 cxmmr5t8 oygrvhab hcukyx3x jb3vyjys rz4wbd8a qt6c0cv9 a8nywdso i1ao9s8h esuyzwwr f1sip0of lzcic4wl notranslate _a6hd\" tabindex=\"0\" role=\"link\" href=\"https:\/\/www.instagram.com\/spd_volt_muc\/\" target=\"_blank\" rel=\"noopener\">@spd_volt_muc<\/a> <a class=\"oajrlxb2 g5ia77u1 qu0x051f esr5mh6w e9989ue4 r7d6kgcz rq0escxv nhd2j8a9 nc684nl6 p7hjln8o kvgmc6g5 cxmmr5t8 oygrvhab hcukyx3x jb3vyjys rz4wbd8a qt6c0cv9 a8nywdso i1ao9s8h esuyzwwr f1sip0of lzcic4wl notranslate _a6hd\" tabindex=\"0\" role=\"link\" href=\"https:\/\/www.instagram.com\/einfachgemeinsamlebenev\/\" target=\"_blank\" rel=\"noopener\">@einfachgemeinsamlebenev<\/a> <a class=\"oajrlxb2 g5ia77u1 qu0x051f esr5mh6w e9989ue4 r7d6kgcz rq0escxv nhd2j8a9 nc684nl6 p7hjln8o kvgmc6g5 cxmmr5t8 oygrvhab hcukyx3x jb3vyjys rz4wbd8a qt6c0cv9 a8nywdso i1ao9s8h esuyzwwr f1sip0of lzcic4wl notranslate _a6hd\" tabindex=\"0\" role=\"link\" href=\"https:\/\/www.instagram.com\/missionwinzig\/\" target=\"_blank\" rel=\"noopener\">@missionwinzig<\/a> <a class=\"oajrlxb2 g5ia77u1 qu0x051f esr5mh6w e9989ue4 r7d6kgcz rq0escxv nhd2j8a9 nc684nl6 p7hjln8o kvgmc6g5 cxmmr5t8 oygrvhab hcukyx3x jb3vyjys rz4wbd8a qt6c0cv9 a8nywdso i1ao9s8h esuyzwwr f1sip0of lzcic4wl notranslate _a6hd\" tabindex=\"0\" role=\"link\" href=\"https:\/\/www.instagram.com\/thorsten_thane\/\" target=\"_blank\" rel=\"noopener\">@thorsten_thane<\/a> <a class=\"oajrlxb2 g5ia77u1 qu0x051f esr5mh6w e9989ue4 r7d6kgcz rq0escxv nhd2j8a9 nc684nl6 p7hjln8o kvgmc6g5 cxmmr5t8 oygrvhab hcukyx3x jb3vyjys rz4wbd8a qt6c0cv9 a8nywdso i1ao9s8h esuyzwwr f1sip0of lzcic4wl notranslate _a6hd\" tabindex=\"0\" role=\"link\" href=\"https:\/\/www.instagram.com\/_juliapost_\/\" target=\"_blank\" rel=\"noopener\">@_juliapost_<\/a><\/p>\n<\/div><style type=\"text\/css\">@media only screen and (max-width:800px) {.fusion-title.fusion-title-2{margin-top:0px!important; margin-right:0px!important;margin-bottom:30px!important;margin-left:0px!important;}}@media only screen and (max-width:640px) {.fusion-title.fusion-title-2{margin-top:0px!important; margin-right:0px!important;margin-bottom:20px!important; margin-left:0px!important;}}<\/style><div class=\"fusion-title title fusion-title-2 fusion-sep-none fusion-title-text fusion-title-size-three\" style=\"margin-top:0px;margin-right:0px;margin-bottom:30px;margin-left:0px;\"><h3 class=\"title-heading-left fusion-responsive-typography-calculated\" style=\"margin:0;--fontSize:22;--minFontSize:22px;line-height:1.91;\">Weitere Blogbeitr\u00e4ge zum Thema<\/h3><\/div><div class=\"fusion-blog-shortcode fusion-blog-shortcode-1 fusion-blog-archive fusion-blog-layout-grid-wrapper fusion-blog-pagination\"><style type=\"text\/css\">.fusion-blog-shortcode-1 .fusion-blog-layout-grid .fusion-post-grid{padding:20px;}.fusion-blog-shortcode-1 .fusion-posts-container{margin-left: -20px !important; margin-right:-20px !important;}<\/style><div class=\"fusion-posts-container fusion-posts-container-pagination fusion-no-meta-info fusion-blog-rollover fusion-blog-layout-grid fusion-blog-layout-grid-2 isotope\" data-pages=\"1\" data-grid-col-space=\"40\" style=\"margin: -20px -20px 0;min-height:500px;\"><article id=\"blog-1-post-3416\" class=\"fusion-post-grid post-3416 post type-post status-publish format-standard has-post-thumbnail hentry category-politik category-presse tag-stadtratsantrag\">\n<div class=\"fusion-post-wrapper\" style=\"background-color:rgba(255,255,255,0);border:1px solid #ebeaea;border-bottom-width:3px;\">\n\n\t\t\t<div class=\"fusion-flexslider flexslider fusion-flexslider-loading fusion-post-slideshow\" style=\"border-color:#ebeaea;\">\n\t\t<ul class=\"slides\">\n\t\t\t\n\t\t\t\t\t\t\t\t\t\t\t\t\t\t<li><div  class=\"fusion-image-wrapper\" aria-haspopup=\"true\">\n\t\t\t\t<img decoding=\"async\" width=\"1024\" height=\"683\" src=\"data:image\/svg+xml,%3Csvg%20xmlns%3D%27http%3A%2F%2Fwww.w3.org%2F2000%2Fsvg%27%20width%3D%271024%27%20height%3D%27683%27%20viewBox%3D%270%200%201024%20683%27%3E%3Crect%20width%3D%271024%27%20height%3D%27683%27%20fill-opacity%3D%220%22%2F%3E%3C%2Fsvg%3E\" class=\"attachment-full size-full lazyload wp-post-image\" alt=\"\" data-orig-src=\"https:\/\/i0.wp.com\/tinypopup.de\/wp-content\/uploads\/2022\/07\/presse-mitteilung-gru%CC%88ne-rosa-liste-mehr-tiny-houses-ermo%CC%88glichen-tiny-pop-up-muenchen-pullach.jpg?fit=1024%2C683&amp;ssl=1\" \/><div class=\"fusion-rollover\">\n\t<div class=\"fusion-rollover-content\">\n\n\t\t\t\t\t\t\t\t\t\t\t\t\t\t<a class=\"fusion-rollover-link\" href=\"https:\/\/tinypopup.de\/tiny-house-muenchen\/mehr-tiny-houses-ermoeglichen\/\">Mehr Tiny Houses erm\u00f6glichen<\/a>\n\t\t\t\n\t\t\t\t\t\t\t\t\t\t\t\t\t\t\n\t\t\t\t\t\t\t\t\n\t\t\t\t\t\t\t\t\t\t\t\t\t<div class=\"fusion-rollover-sep\"><\/div>\n\t\t\t\t\n\t\t\t\t\t\t\t\t\t\t\t\t\t\t\t\t\t\t<a class=\"fusion-rollover-gallery\" href=\"https:\/\/i0.wp.com\/tinypopup.de\/wp-content\/uploads\/2022\/07\/presse-mitteilung-gru%CC%88ne-rosa-liste-mehr-tiny-houses-ermo%CC%88glichen-tiny-pop-up-muenchen-pullach.jpg?fit=1024%2C683&amp;ssl=1\" data-id=\"3416\" data-rel=\"iLightbox[gallery]\" data-title=\"presse-mitteilung-gru\u0308ne-rosa-liste-mehr-tiny-houses-ermo\u0308glichen-tiny-pop-up-muenchen-pullach\" data-caption=\"\">\n\t\t\t\t\t\tGallerie\t\t\t\t\t<\/a>\n\t\t\t\t\t\t\t\t\t\t\t\t\t\t\n\t\t\n\t\t\t\t\t\t\t\t\t\t\t\t<h4 class=\"fusion-rollover-title\">\n\t\t\t\t\t<a class=\"fusion-rollover-title-link\" href=\"https:\/\/tinypopup.de\/tiny-house-muenchen\/mehr-tiny-houses-ermoeglichen\/\">\n\t\t\t\t\t\tMehr Tiny Houses erm\u00f6glichen\t\t\t\t\t<\/a>\n\t\t\t\t<\/h4>\n\t\t\t\n\t\t\t\t\t\t\t\t\n\t\t\n\t\t\t\t\t\t<a class=\"fusion-link-wrapper\" href=\"https:\/\/tinypopup.de\/tiny-house-muenchen\/mehr-tiny-houses-ermoeglichen\/\" aria-label=\"Mehr Tiny Houses erm\u00f6glichen\"><\/a>\n\t<\/div>\n<\/div>\n<\/div>\n<\/li>\n\t\t\t\n\t\t\t\n\t\t\t\t\t\t\t\t\t\t\t\t\t\t\t\t\t\t\t\t\t\t\t\t\t\t\t\t\t\t\t\t\t\t\t\t\t\t\t\t\t\t\t\t\t\t\t\t\t\t\t\t\t\t\t\t\t\t\t\t\t\t\t\t\t\t\t\t<\/ul>\n\t<\/div>\n\t<div class=\"fusion-post-content-wrapper\" style=\"padding:30px 25px 20px 25px;\"><div class=\"fusion-post-content post-content\"><h2 class=\"blog-shortcode-post-title entry-title\"><a href=\"https:\/\/tinypopup.de\/tiny-house-muenchen\/mehr-tiny-houses-ermoeglichen\/\">Mehr Tiny Houses erm\u00f6glichen<\/a><\/h2><div class=\"fusion-post-content-container\"><p> Mehr Tiny Houses in M\u00fcnchen  \ud83c\udf89Es bewegt sich [...]<\/p><\/div><\/div><\/div><div class=\"fusion-clearfix\"><\/div><\/div>\n<\/article>\n<article id=\"blog-1-post-1896\" class=\"fusion-post-grid post-1896 post type-post status-publish format-standard has-post-thumbnail hentry category-presse category-politik tag-stadtratsantrag\">\n<div class=\"fusion-post-wrapper\" style=\"background-color:rgba(255,255,255,0);border:1px solid #ebeaea;border-bottom-width:3px;\">\n\n\t\t\t<div class=\"fusion-flexslider flexslider fusion-flexslider-loading fusion-post-slideshow\" style=\"border-color:#ebeaea;\">\n\t\t<ul class=\"slides\">\n\t\t\t\n\t\t\t\t\t\t\t\t\t\t\t\t\t\t<li><div  class=\"fusion-image-wrapper\" aria-haspopup=\"true\">\n\t\t\t\t<img decoding=\"async\" width=\"900\" height=\"600\" src=\"https:\/\/i0.wp.com\/tinypopup.de\/wp-content\/uploads\/2021\/12\/tiny_pop_up_muenchen_pullach_tz_artikel_tiny_house_stadt_dahome.jpeg?fit=900%2C600&amp;ssl=1\" class=\"attachment-full size-full lazyload wp-post-image\" alt=\"\" srcset=\"data:image\/svg+xml,%3Csvg%20xmlns%3D%27http%3A%2F%2Fwww.w3.org%2F2000%2Fsvg%27%20width%3D%27900%27%20height%3D%27600%27%20viewBox%3D%270%200%20900%20600%27%3E%3Crect%20width%3D%27900%27%20height%3D%27600%27%20fill-opacity%3D%220%22%2F%3E%3C%2Fsvg%3E\" data-orig-src=\"https:\/\/i0.wp.com\/tinypopup.de\/wp-content\/uploads\/2021\/12\/tiny_pop_up_muenchen_pullach_tz_artikel_tiny_house_stadt_dahome.jpeg?fit=900%2C600&amp;ssl=1\" data-srcset=\"https:\/\/i0.wp.com\/tinypopup.de\/wp-content\/uploads\/2021\/12\/tiny_pop_up_muenchen_pullach_tz_artikel_tiny_house_stadt_dahome.jpeg?resize=200%2C133&amp;ssl=1 200w, https:\/\/i0.wp.com\/tinypopup.de\/wp-content\/uploads\/2021\/12\/tiny_pop_up_muenchen_pullach_tz_artikel_tiny_house_stadt_dahome.jpeg?resize=272%2C182&amp;ssl=1 272w, https:\/\/i0.wp.com\/tinypopup.de\/wp-content\/uploads\/2021\/12\/tiny_pop_up_muenchen_pullach_tz_artikel_tiny_house_stadt_dahome.jpeg?resize=300%2C200&amp;ssl=1 300w, https:\/\/i0.wp.com\/tinypopup.de\/wp-content\/uploads\/2021\/12\/tiny_pop_up_muenchen_pullach_tz_artikel_tiny_house_stadt_dahome.jpeg?resize=400%2C267&amp;ssl=1 400w, https:\/\/i0.wp.com\/tinypopup.de\/wp-content\/uploads\/2021\/12\/tiny_pop_up_muenchen_pullach_tz_artikel_tiny_house_stadt_dahome.jpeg?resize=600%2C400&amp;ssl=1 600w, https:\/\/i0.wp.com\/tinypopup.de\/wp-content\/uploads\/2021\/12\/tiny_pop_up_muenchen_pullach_tz_artikel_tiny_house_stadt_dahome.jpeg?resize=768%2C512&amp;ssl=1 768w, https:\/\/i0.wp.com\/tinypopup.de\/wp-content\/uploads\/2021\/12\/tiny_pop_up_muenchen_pullach_tz_artikel_tiny_house_stadt_dahome.jpeg?resize=800%2C533&amp;ssl=1 800w, https:\/\/i0.wp.com\/tinypopup.de\/wp-content\/uploads\/2021\/12\/tiny_pop_up_muenchen_pullach_tz_artikel_tiny_house_stadt_dahome.jpeg?fit=900%2C600&amp;ssl=1 900w\" data-sizes=\"auto\" \/><div class=\"fusion-rollover\">\n\t<div class=\"fusion-rollover-content\">\n\n\t\t\t\t\t\t\t\t\t\t\t\t\t\t<a class=\"fusion-rollover-link\" href=\"https:\/\/tinypopup.de\/tiny-house-muenchen\/zeitungsartikel-in-der-tz\/\">Zeitungsartikel in der TZ: Tiny Houses in M\u00fcnchen<\/a>\n\t\t\t\n\t\t\t\t\t\t\t\t\t\t\t\t\t\t\n\t\t\t\t\t\t\t\t\n\t\t\t\t\t\t\t\t\t\t\t\t\t<div class=\"fusion-rollover-sep\"><\/div>\n\t\t\t\t\n\t\t\t\t\t\t\t\t\t\t\t\t\t\t\t\t\t\t<a class=\"fusion-rollover-gallery\" href=\"https:\/\/i0.wp.com\/tinypopup.de\/wp-content\/uploads\/2021\/12\/tiny_pop_up_muenchen_pullach_tz_artikel_tiny_house_stadt_dahome.jpeg?fit=900%2C600&amp;ssl=1\" data-id=\"1896\" data-rel=\"iLightbox[gallery]\" data-title=\"tiny_pop_up_muenchen_pullach_tz_artikel_tiny_house_stadt_dahome\" data-caption=\"\">\n\t\t\t\t\t\tGallerie\t\t\t\t\t<\/a>\n\t\t\t\t\t\t\t\t\t\t\t\t\t\t\n\t\t\n\t\t\t\t\t\t\t\t\t\t\t\t<h4 class=\"fusion-rollover-title\">\n\t\t\t\t\t<a class=\"fusion-rollover-title-link\" href=\"https:\/\/tinypopup.de\/tiny-house-muenchen\/zeitungsartikel-in-der-tz\/\">\n\t\t\t\t\t\tZeitungsartikel in der TZ: Tiny Houses in M\u00fcnchen\t\t\t\t\t<\/a>\n\t\t\t\t<\/h4>\n\t\t\t\n\t\t\t\t\t\t\t\t\n\t\t\n\t\t\t\t\t\t<a class=\"fusion-link-wrapper\" href=\"https:\/\/tinypopup.de\/tiny-house-muenchen\/zeitungsartikel-in-der-tz\/\" aria-label=\"Zeitungsartikel in der TZ: Tiny Houses in M\u00fcnchen\"><\/a>\n\t<\/div>\n<\/div>\n<\/div>\n<\/li>\n\t\t\t\n\t\t\t\n\t\t\t\t\t\t\t\t\t\t\t\t\t\t\t\t\t\t\t\t\t\t\t\t\t\t\t\t\t\t\t\t\t\t\t\t\t\t\t\t\t\t\t\t\t\t\t\t\t\t\t\t\t\t\t\t\t\t\t\t\t\t\t\t\t\t\t\t<\/ul>\n\t<\/div>\n\t<div class=\"fusion-post-content-wrapper\" style=\"padding:30px 25px 20px 25px;\"><div class=\"fusion-post-content post-content\"><h2 class=\"blog-shortcode-post-title entry-title\"><a href=\"https:\/\/tinypopup.de\/tiny-house-muenchen\/zeitungsartikel-in-der-tz\/\">Zeitungsartikel in der TZ: Tiny Houses in M\u00fcnchen<\/a><\/h2><div class=\"fusion-post-content-container\"><p> Tiny Houses in M\u00fcnchen: Wo die kleinen H\u00e4uschen aufgestellt [...]<\/p><\/div><\/div><\/div><div class=\"fusion-clearfix\"><\/div><\/div>\n<\/article>\n<article id=\"blog-1-post-3234\" class=\"fusion-post-grid post-3234 post type-post status-publish format-standard has-post-thumbnail hentry category-politik category-wohnen tag-stadtratsantrag\">\n<div class=\"fusion-post-wrapper\" style=\"background-color:rgba(255,255,255,0);border:1px solid #ebeaea;border-bottom-width:3px;\">\n\n\t\t\t<div class=\"fusion-flexslider flexslider fusion-flexslider-loading fusion-post-slideshow\" style=\"border-color:#ebeaea;\">\n\t\t<ul class=\"slides\">\n\t\t\t\n\t\t\t\t\t\t\t\t\t\t\t\t\t\t<li><div  class=\"fusion-image-wrapper\" aria-haspopup=\"true\">\n\t\t\t\t<img decoding=\"async\" width=\"1500\" height=\"1000\" src=\"https:\/\/i0.wp.com\/tinypopup.de\/wp-content\/uploads\/2022\/05\/flaechen_fuer_tiny_house_in_muenchen_tiny_pop_up_muenchen_pullach.jpg?fit=1500%2C1000&amp;ssl=1\" class=\"attachment-full size-full lazyload wp-post-image\" alt=\"\" srcset=\"data:image\/svg+xml,%3Csvg%20xmlns%3D%27http%3A%2F%2Fwww.w3.org%2F2000%2Fsvg%27%20width%3D%271500%27%20height%3D%271000%27%20viewBox%3D%270%200%201500%201000%27%3E%3Crect%20width%3D%271500%27%20height%3D%271000%27%20fill-opacity%3D%220%22%2F%3E%3C%2Fsvg%3E\" data-orig-src=\"https:\/\/i0.wp.com\/tinypopup.de\/wp-content\/uploads\/2022\/05\/flaechen_fuer_tiny_house_in_muenchen_tiny_pop_up_muenchen_pullach.jpg?fit=1500%2C1000&amp;ssl=1\" data-srcset=\"https:\/\/i0.wp.com\/tinypopup.de\/wp-content\/uploads\/2022\/05\/flaechen_fuer_tiny_house_in_muenchen_tiny_pop_up_muenchen_pullach.jpg?resize=200%2C133&amp;ssl=1 200w, https:\/\/i0.wp.com\/tinypopup.de\/wp-content\/uploads\/2022\/05\/flaechen_fuer_tiny_house_in_muenchen_tiny_pop_up_muenchen_pullach.jpg?resize=272%2C182&amp;ssl=1 272w, https:\/\/i0.wp.com\/tinypopup.de\/wp-content\/uploads\/2022\/05\/flaechen_fuer_tiny_house_in_muenchen_tiny_pop_up_muenchen_pullach.jpg?resize=300%2C200&amp;ssl=1 300w, https:\/\/i0.wp.com\/tinypopup.de\/wp-content\/uploads\/2022\/05\/flaechen_fuer_tiny_house_in_muenchen_tiny_pop_up_muenchen_pullach.jpg?resize=400%2C267&amp;ssl=1 400w, https:\/\/i0.wp.com\/tinypopup.de\/wp-content\/uploads\/2022\/05\/flaechen_fuer_tiny_house_in_muenchen_tiny_pop_up_muenchen_pullach.jpg?resize=600%2C400&amp;ssl=1 600w, https:\/\/i0.wp.com\/tinypopup.de\/wp-content\/uploads\/2022\/05\/flaechen_fuer_tiny_house_in_muenchen_tiny_pop_up_muenchen_pullach.jpg?resize=768%2C512&amp;ssl=1 768w, https:\/\/i0.wp.com\/tinypopup.de\/wp-content\/uploads\/2022\/05\/flaechen_fuer_tiny_house_in_muenchen_tiny_pop_up_muenchen_pullach.jpg?resize=800%2C533&amp;ssl=1 800w, https:\/\/i0.wp.com\/tinypopup.de\/wp-content\/uploads\/2022\/05\/flaechen_fuer_tiny_house_in_muenchen_tiny_pop_up_muenchen_pullach.jpg?resize=1024%2C683&amp;ssl=1 1024w, https:\/\/i0.wp.com\/tinypopup.de\/wp-content\/uploads\/2022\/05\/flaechen_fuer_tiny_house_in_muenchen_tiny_pop_up_muenchen_pullach.jpg?resize=1200%2C800&amp;ssl=1 1200w, https:\/\/i0.wp.com\/tinypopup.de\/wp-content\/uploads\/2022\/05\/flaechen_fuer_tiny_house_in_muenchen_tiny_pop_up_muenchen_pullach.jpg?fit=1500%2C1000&amp;ssl=1 1500w\" data-sizes=\"auto\" \/><div class=\"fusion-rollover\">\n\t<div class=\"fusion-rollover-content\">\n\n\t\t\t\t\t\t\t\t\t\t\t\t\t\t<a class=\"fusion-rollover-link\" href=\"https:\/\/tinypopup.de\/tiny-house-muenchen\/leerstand-in-muenchen-ungenutztes-potenzial\/\">Leerstand in M\u00fcnchen: ungenutztes Potenzial<\/a>\n\t\t\t\n\t\t\t\t\t\t\t\t\t\t\t\t\t\t\n\t\t\t\t\t\t\t\t\n\t\t\t\t\t\t\t\t\t\t\t\t\t<div class=\"fusion-rollover-sep\"><\/div>\n\t\t\t\t\n\t\t\t\t\t\t\t\t\t\t\t\t\t\t\t\t\t\t<a class=\"fusion-rollover-gallery\" href=\"https:\/\/i0.wp.com\/tinypopup.de\/wp-content\/uploads\/2022\/05\/flaechen_fuer_tiny_house_in_muenchen_tiny_pop_up_muenchen_pullach.jpg?fit=1500%2C1000&amp;ssl=1\" data-id=\"3234\" data-rel=\"iLightbox[gallery]\" data-title=\"flaechen_fuer_tiny_house_in_muenchen_tiny_pop_up_muenchen_pullach\" data-caption=\"\">\n\t\t\t\t\t\tGallerie\t\t\t\t\t<\/a>\n\t\t\t\t\t\t\t\t\t\t\t\t\t\t\n\t\t\n\t\t\t\t\t\t\t\t\t\t\t\t<h4 class=\"fusion-rollover-title\">\n\t\t\t\t\t<a class=\"fusion-rollover-title-link\" href=\"https:\/\/tinypopup.de\/tiny-house-muenchen\/leerstand-in-muenchen-ungenutztes-potenzial\/\">\n\t\t\t\t\t\tLeerstand in M\u00fcnchen: ungenutztes Potenzial\t\t\t\t\t<\/a>\n\t\t\t\t<\/h4>\n\t\t\t\n\t\t\t\t\t\t\t\t\n\t\t\n\t\t\t\t\t\t<a class=\"fusion-link-wrapper\" href=\"https:\/\/tinypopup.de\/tiny-house-muenchen\/leerstand-in-muenchen-ungenutztes-potenzial\/\" aria-label=\"Leerstand in M\u00fcnchen: ungenutztes Potenzial\"><\/a>\n\t<\/div>\n<\/div>\n<\/div>\n<\/li>\n\t\t\t\n\t\t\t\n\t\t\t\t\t\t\t\t\t\t\t\t\t\t\t\t\t\t\t\t\t\t\t\t\t\t\t\t\t\t\t\t\t\t\t\t\t\t\t\t\t\t\t\t\t\t\t\t\t\t\t\t\t\t\t\t\t\t\t\t\t\t\t\t\t\t\t\t<\/ul>\n\t<\/div>\n\t<div class=\"fusion-post-content-wrapper\" style=\"padding:30px 25px 20px 25px;\"><div class=\"fusion-post-content post-content\"><h2 class=\"blog-shortcode-post-title entry-title\"><a href=\"https:\/\/tinypopup.de\/tiny-house-muenchen\/leerstand-in-muenchen-ungenutztes-potenzial\/\">Leerstand in M\u00fcnchen: ungenutztes Potenzial<\/a><\/h2><div class=\"fusion-post-content-container\"><p> Es gibt keine Fl\u00e4chen in M\u00fcnchen?  Wer mit [...]<\/p><\/div><\/div><\/div><div class=\"fusion-clearfix\"><\/div><\/div>\n<\/article>\n<article id=\"blog-1-post-3439\" class=\"fusion-post-grid post-3439 post type-post status-publish format-standard hentry category-presse category-politik category-wohnen tag-stadtratsantrag\">\n<div class=\"fusion-post-wrapper\" style=\"background-color:rgba(255,255,255,0);border:1px solid #ebeaea;border-bottom-width:3px;\">\n\n<div class=\"fusion-post-content-wrapper\" style=\"padding:30px 25px 20px 25px;\"><div class=\"fusion-post-content post-content\"><h2 class=\"blog-shortcode-post-title entry-title\"><a href=\"https:\/\/tinypopup.de\/tiny-house-muenchen\/muenchner-merkur-artikel-zum-stadtratsantrag-grosse-plaene-mit-kleinen-haeusern\/\">M\u00fcnchner Merkur Artikel zum Stadtratsantrag: &#8222;Gro\u00dfe Pl\u00e4ne mit kleinen H\u00e4usern&#8220;<\/a><\/h2><div class=\"fusion-post-content-container\"><p> Mehr Klarheit f\u00fcr Tiny Houses in M\u00fcnchen  Es [...]<\/p><\/div><\/div><\/div><div class=\"fusion-clearfix\"><\/div><\/div>\n<\/article>\n<article id=\"blog-1-post-3469\" class=\"fusion-post-grid post-3469 post type-post status-publish format-standard has-post-thumbnail hentry category-event category-nachhaltigkeit category-politik category-wohnen tag-ausspekuliert tag-bezahlbarer-wohnraum tag-einfach-gemeinsam-leben tag-gruene-muenchen tag-initiative-bodenrecht tag-kleinwohnformen tag-muenchen tag-muenchner-forum tag-nzz tag-nzz-format tag-open-air tag-openair tag-podiumsdiskussion tag-silvia-fleck tag-stadtratsantrag tag-tiny tag-tiny-home tag-tiny-house tag-tiny-house-bau tag-tiny-house-bayern tag-tiny-house-on-wheels tag-tiny-living tag-tiny-muenchen tag-tiny-pop-up tag-tiny-pop-up-muenchen tag-tiny-popup-muenchen tag-tinydahome tag-tinyhousedeutschland tag-tinyhousemunich tag-tinyliving tag-tinypopup tag-tinypopupmunich tag-wem-gehoert-die-stadt tag-wenigeristmehr\">\n<div class=\"fusion-post-wrapper\" style=\"background-color:rgba(255,255,255,0);border:1px solid #ebeaea;border-bottom-width:3px;\">\n\n\t\t\t<div class=\"fusion-flexslider flexslider fusion-flexslider-loading fusion-post-slideshow\" style=\"border-color:#ebeaea;\">\n\t\t<ul class=\"slides\">\n\t\t\t\n\t\t\t\t\t\t\t\t\t\t\t\t\t\t<li><div  class=\"fusion-image-wrapper\" aria-haspopup=\"true\">\n\t\t\t\t<img decoding=\"async\" width=\"2560\" height=\"1708\" src=\"https:\/\/i0.wp.com\/tinypopup.de\/wp-content\/uploads\/2022\/01\/tiny-popup-pullach-tiny-house-muenchen-event-podiumsdiskussion-7-scaled.jpeg?fit=2560%2C1708&amp;ssl=1\" class=\"attachment-full size-full lazyload wp-post-image\" alt=\"\" srcset=\"data:image\/svg+xml,%3Csvg%20xmlns%3D%27http%3A%2F%2Fwww.w3.org%2F2000%2Fsvg%27%20width%3D%272560%27%20height%3D%271708%27%20viewBox%3D%270%200%202560%201708%27%3E%3Crect%20width%3D%272560%27%20height%3D%271708%27%20fill-opacity%3D%220%22%2F%3E%3C%2Fsvg%3E\" data-orig-src=\"https:\/\/i0.wp.com\/tinypopup.de\/wp-content\/uploads\/2022\/01\/tiny-popup-pullach-tiny-house-muenchen-event-podiumsdiskussion-7-scaled.jpeg?fit=2560%2C1708&amp;ssl=1\" data-srcset=\"https:\/\/i0.wp.com\/tinypopup.de\/wp-content\/uploads\/2022\/01\/tiny-popup-pullach-tiny-house-muenchen-event-podiumsdiskussion-7-scaled.jpeg?resize=200%2C133&amp;ssl=1 200w, https:\/\/i0.wp.com\/tinypopup.de\/wp-content\/uploads\/2022\/01\/tiny-popup-pullach-tiny-house-muenchen-event-podiumsdiskussion-7-scaled.jpeg?resize=272%2C182&amp;ssl=1 272w, https:\/\/i0.wp.com\/tinypopup.de\/wp-content\/uploads\/2022\/01\/tiny-popup-pullach-tiny-house-muenchen-event-podiumsdiskussion-7-scaled.jpeg?resize=300%2C200&amp;ssl=1 300w, https:\/\/i0.wp.com\/tinypopup.de\/wp-content\/uploads\/2022\/01\/tiny-popup-pullach-tiny-house-muenchen-event-podiumsdiskussion-7-scaled.jpeg?resize=400%2C267&amp;ssl=1 400w, https:\/\/i0.wp.com\/tinypopup.de\/wp-content\/uploads\/2022\/01\/tiny-popup-pullach-tiny-house-muenchen-event-podiumsdiskussion-7-scaled.jpeg?resize=600%2C400&amp;ssl=1 600w, https:\/\/i0.wp.com\/tinypopup.de\/wp-content\/uploads\/2022\/01\/tiny-popup-pullach-tiny-house-muenchen-event-podiumsdiskussion-7-scaled.jpeg?resize=768%2C512&amp;ssl=1 768w, https:\/\/i0.wp.com\/tinypopup.de\/wp-content\/uploads\/2022\/01\/tiny-popup-pullach-tiny-house-muenchen-event-podiumsdiskussion-7-scaled.jpeg?resize=800%2C534&amp;ssl=1 800w, https:\/\/i0.wp.com\/tinypopup.de\/wp-content\/uploads\/2022\/01\/tiny-popup-pullach-tiny-house-muenchen-event-podiumsdiskussion-7-scaled.jpeg?resize=1024%2C683&amp;ssl=1 1024w, https:\/\/i0.wp.com\/tinypopup.de\/wp-content\/uploads\/2022\/01\/tiny-popup-pullach-tiny-house-muenchen-event-podiumsdiskussion-7-scaled.jpeg?resize=1200%2C801&amp;ssl=1 1200w, https:\/\/i0.wp.com\/tinypopup.de\/wp-content\/uploads\/2022\/01\/tiny-popup-pullach-tiny-house-muenchen-event-podiumsdiskussion-7-scaled.jpeg?resize=1536%2C1025&amp;ssl=1 1536w, https:\/\/i0.wp.com\/tinypopup.de\/wp-content\/uploads\/2022\/01\/tiny-popup-pullach-tiny-house-muenchen-event-podiumsdiskussion-7-scaled.jpeg?w=2340&amp;ssl=1 2340w, https:\/\/i0.wp.com\/tinypopup.de\/wp-content\/uploads\/2022\/01\/tiny-popup-pullach-tiny-house-muenchen-event-podiumsdiskussion-7-scaled.jpeg?fit=2560%2C1708&amp;ssl=1 2560w\" data-sizes=\"auto\" \/><div class=\"fusion-rollover\">\n\t<div class=\"fusion-rollover-content\">\n\n\t\t\t\t\t\t\t\t\t\t\t\t\t\t<a class=\"fusion-rollover-link\" href=\"https:\/\/tinypopup.de\/tiny-house-muenchen\/open-air-kino-und-podiumsdiskussion-vom-8-8\/\">Open-Air Kino und Podiumsdiskussion vom 8.8.<\/a>\n\t\t\t\n\t\t\t\t\t\t\t\t\t\t\t\t\t\t\n\t\t\t\t\t\t\t\t\n\t\t\t\t\t\t\t\t\t\t\t\t\t<div class=\"fusion-rollover-sep\"><\/div>\n\t\t\t\t\n\t\t\t\t\t\t\t\t\t\t\t\t\t\t\t\t\t\t<a class=\"fusion-rollover-gallery\" href=\"https:\/\/i0.wp.com\/tinypopup.de\/wp-content\/uploads\/2022\/01\/tiny-popup-pullach-tiny-house-muenchen-event-podiumsdiskussion-7-scaled.jpeg?fit=2560%2C1708&amp;ssl=1\" data-id=\"3469\" data-rel=\"iLightbox[gallery]\" data-title=\"tiny-popup-pullach-tiny-house-muenchen-event-podiumsdiskussion-7\" data-caption=\"\">\n\t\t\t\t\t\tGallerie\t\t\t\t\t<\/a>\n\t\t\t\t\t\t\t\t\t\t\t\t\t\t\n\t\t\n\t\t\t\t\t\t\t\t\t\t\t\t<h4 class=\"fusion-rollover-title\">\n\t\t\t\t\t<a class=\"fusion-rollover-title-link\" href=\"https:\/\/tinypopup.de\/tiny-house-muenchen\/open-air-kino-und-podiumsdiskussion-vom-8-8\/\">\n\t\t\t\t\t\tOpen-Air Kino und Podiumsdiskussion vom 8.8.\t\t\t\t\t<\/a>\n\t\t\t\t<\/h4>\n\t\t\t\n\t\t\t\t\t\t\t\t\n\t\t\n\t\t\t\t\t\t<a class=\"fusion-link-wrapper\" href=\"https:\/\/tinypopup.de\/tiny-house-muenchen\/open-air-kino-und-podiumsdiskussion-vom-8-8\/\" aria-label=\"Open-Air Kino und Podiumsdiskussion vom 8.8.\"><\/a>\n\t<\/div>\n<\/div>\n<\/div>\n<\/li>\n\t\t\t\n\t\t\t\n\t\t\t\t\t\t\t\t\t\t\t\t\t\t\t\t\t\t\t\t\t\t\t\t\t\t\t\t\t\t\t\t\t\t\t\t\t\t\t\t\t\t\t\t\t\t\t\t\t\t\t\t\t\t\t\t\t\t\t\t\t\t\t\t\t\t\t\t<\/ul>\n\t<\/div>\n\t<div class=\"fusion-post-content-wrapper\" style=\"padding:30px 25px 20px 25px;\"><div class=\"fusion-post-content post-content\"><h2 class=\"blog-shortcode-post-title entry-title\"><a href=\"https:\/\/tinypopup.de\/tiny-house-muenchen\/open-air-kino-und-podiumsdiskussion-vom-8-8\/\">Open-Air Kino und Podiumsdiskussion vom 8.8.<\/a><\/h2><div class=\"fusion-post-content-container\"><p> Podiumsdiskussion auf der Tiny-Terrasse  Das Wetter hat es [...]<\/p><\/div><\/div><\/div><div class=\"fusion-clearfix\"><\/div><\/div>\n<\/article>\n<div class=\"fusion-clearfix\"><\/div><\/div><\/div><\/div><style type=\"text\/css\">.fusion-body .fusion-builder-column-0{width:66.666666666667% !important;margin-top : 0px;margin-bottom : 20px;}.fusion-builder-column-0 > .fusion-column-wrapper {padding-top : 0px !important;padding-right : 0px !important;margin-right : 2.88%;padding-bottom : 0px !important;padding-left : 0px !important;margin-left : 2.88%;}@media only screen and (max-width:800px) {.fusion-body .fusion-builder-column-0{width:100% !important;order : 0;}.fusion-builder-column-0 > .fusion-column-wrapper {margin-right : 1.92%;margin-left : 1.92%;}}@media only screen and (max-width:640px) {.fusion-body .fusion-builder-column-0{width:100% !important;order : 0;}.fusion-builder-column-0 > .fusion-column-wrapper {margin-right : 1.92%;margin-left : 1.92%;}}<\/style><\/div><div class=\"fusion-layout-column fusion_builder_column fusion-builder-column-1 fusion_builder_column_1_3 1_3 fusion-flex-column\"><div class=\"fusion-column-wrapper fusion-flex-justify-content-flex-start fusion-content-layout-column\" style=\"background-position:left top;background-repeat:no-repeat;-webkit-background-size:cover;-moz-background-size:cover;-o-background-size:cover;background-size:cover;background-color:#f6f6f6;padding: 0px 0px 0px 0px;\"><div ><span class=\" fusion-imageframe imageframe-none imageframe-2 hover-type-none\" style=\"border:30px solid #f6f6f6;\"><img data-recalc-dims=\"1\" decoding=\"async\" width=\"300\" height=\"53\" title=\"18lh\" src=\"https:\/\/i0.wp.com\/tinypopup.de\/wp-content\/uploads\/2022\/05\/18lh.gif?resize=300%2C53&#038;ssl=1\" alt class=\"img-responsive wp-image-3231 disable-lazyload\"\/><\/span><\/div><div ><style>.fusion-button.button-1{border-radius:0px 0px 0px 0px;}<\/style><a class=\"fusion-button button-flat fusion-button-default-size button-default button-1 fusion-button-default-span fusion-button-default-type\" target=\"_self\" href=\"https:\/\/www.gruene-fraktion-muenchen.de\/mehr-tiny-houses-ermoeglichen\/\" rel=\"noopener\"><span class=\"fusion-button-text\">Pressemitteilung<\/span><\/a><\/div><div class=\"fusion-separator fusion-full-width-sep\" style=\"align-self: center;margin-left: auto;margin-right: auto;flex-grow:3;margin-top:30px;width:100%;\"><\/div><style type=\"text\/css\">@media only screen and (max-width:800px) {.fusion-title.fusion-title-3{margin-top:0px!important; margin-right:0px!important;margin-bottom:30px!important;margin-left:0px!important;}}@media only screen and (max-width:640px) {.fusion-title.fusion-title-3{margin-top:0px!important; margin-right:0px!important;margin-bottom:20px!important; margin-left:0px!important;}}<\/style><div class=\"fusion-title title fusion-title-3 fusion-sep-none fusion-title-center fusion-title-text fusion-title-size-three\" style=\"margin-top:0px;margin-right:0px;margin-bottom:30px;margin-left:0px;\"><h3 class=\"title-heading-center fusion-responsive-typography-calculated\" style=\"margin:0;--fontSize:22;--minFontSize:22px;line-height:1.91;\">FAQ<\/h3><\/div><style type=\"text\/css\">#accordion-3469-1 .fusion-panel:hover, #accordion-3469-1 .fusion-panel.hover{ background-color: #f9f9fb } #accordion-3469-1 .fusion-panel { border-color:#e2e2e2; border-width:3px; background-color:#ffffff; }.fusion-accordian  #accordion-3469-1 .panel-title a .fa-fusion-box{ color: #ffffff;}.fusion-accordian  #accordion-3469-1 .panel-title a .fa-fusion-box:before{ font-size: 16px; width: 16px;}.fusion-accordian  #accordion-3469-1 .panel-title a{font-size:18px;}.fusion-accordian  #accordion-3469-1 .fa-fusion-box { background-color: #212934;border-color: #212934;}.fusion-accordian  #accordion-3469-1 .panel-title a:hover, #accordion-3469-1 .fusion-toggle-boxed-mode:hover .panel-title a { color: #0be096;}.fusion-accordian  #accordion-3469-1 .panel-title .active .fa-fusion-box,.fusion-accordian  #accordion-3469-1 .panel-title a:hover .fa-fusion-box { background-color: #0be096!important;border-color: #0be096!important;}<\/style><div class=\"accordian fusion-accordian\"><div class=\"panel-group\" id=\"accordion-3469-1\"><div class=\"fusion-panel panel-default fusion-toggle-no-divider fusion-toggle-boxed-mode\"><div class=\"panel-heading\"><h4 class=\"panel-title toggle\"><a aria-expanded=\"false\" aria-controls=\"b1a8e632934753f98\" role=\"button\" data-toggle=\"collapse\" data-target=\"#b1a8e632934753f98\" href=\"#b1a8e632934753f98\"><span class=\"fusion-toggle-icon-wrapper\" aria-hidden=\"true\"><i class=\"fa-fusion-box\" aria-hidden=\"true\"><\/i><\/span><span class=\"fusion-toggle-heading\">Was sind Tiny Houses?<\/span><\/a><\/h4><\/div><div id=\"b1a8e632934753f98\" class=\"panel-collapse collapse \"><div class=\"panel-body toggle-content fusion-clearfix\">\n<div class=\"fusion-column-wrapper fusion-flex-justify-content-flex-start fusion-content-layout-column\">\n<div class=\"fusion-text fusion-text-1\">\n<p>Es gibt bis jetzt keine rechtlich anerkannte Definition. Tiny House bedeutet lediglich \u201ckleines Haus\u201d. Oft wird darunter ein Haus auf einem Anha\u0308nger verstanden.<\/p>\n<p>Tiny Houses za\u0308hlen fu\u0308r uns zu den Kleinwohnformen. Der <a title=\"www,kleinwohnformen.ch\" href=\"http:\/\/www,kleinwohnformen.ch\" target=\"_blank\" rel=\"noopener\">Verein Kleinwohnformen Schweiz<\/a> hat dazu folgende Definition erarbeitet:<\/p>\n<p><em>Eine Kleinwohnform (KWF) ist eine Wohneinheit mit ho\u0308chstens 40m2 Gesamtfla\u0308che.<\/em><\/p>\n<p><em>Sie steht im Gegensatz zu herko\u0308mmlichen Immobilien nicht auf festen Fundamenten, sondern entweder auf Ra\u0308dern und\/oder Punktfundamenten, so dass sie einfach verschiebbar ist.<\/em><\/p>\n<p><em>Sie mu\u0308ssen alle hygienischen Bedingungen erfu\u0308llen (Toilette, Wasch- und Kochgelegenheit) entweder direkt in der KWF oder auf dem Grundstu\u0308ck, so dass KWF als Hauptwohnsitz genutzt werden ko\u0308nnen.<\/em><\/p>\n<\/div>\n<\/div>\n<\/div><\/div><\/div><div class=\"fusion-panel panel-default fusion-toggle-no-divider fusion-toggle-boxed-mode\"><div class=\"panel-heading\"><h4 class=\"panel-title toggle\"><a aria-expanded=\"false\" aria-controls=\"c589c000325cb7078\" role=\"button\" data-toggle=\"collapse\" data-target=\"#c589c000325cb7078\" href=\"#c589c000325cb7078\"><span class=\"fusion-toggle-icon-wrapper\" aria-hidden=\"true\"><i class=\"fa-fusion-box\" aria-hidden=\"true\"><\/i><\/span><span class=\"fusion-toggle-heading\">Gibt es in einer Stadt wie M\u00fcnchen \u00fcberhaupt Fl\u00e4chen f\u00fcr Tiny PopUp-Projekte?<\/span><\/a><\/h4><\/div><div id=\"c589c000325cb7078\" class=\"panel-collapse collapse \"><div class=\"panel-body toggle-content fusion-clearfix\">\n<div id=\"collapse-1-1824\" class=\"panel-collapse collapse in\">\n<div class=\"panel-body toggle-content post-content\">\n<p>Es gibt derzeit zum einen viele sta\u0308dtische Fla\u0308chen, die entweder nachverdichtet oder tempora\u0308r zwischengenutzt werden ko\u0308nnen. Aber auch Privatpersonen wollen Restgrundstu\u0308cke, ungenutzte Brachfla\u0308chen, Garagend\u00e4cher, Flachda\u0308cher oder Ha\u0308user mit ungenutztem Umschwung fu\u0308r Tiny Houses zur Verfu\u0308gung stellen. N\u00f6tig w\u00e4re ein je nach Nutzungsdauer angepasstes Genehmigungsverfahren, um m\u00f6glichst viele Fl\u00e4chen nutzbar zu machen, ohne allzu gro\u00dfen Eingriff in die Natur. Denn die Chancen liegen auch f\u00fcr M\u00fcnchen auf der Hand:<\/p>\n<p>\u2013 Tiny Houses und Co. als \u00f6kologische L\u00fcckenf\u00fcller \u00fcberall dort, wo nicht mehr in die H\u00f6he gebaut werden kann<\/p>\n<p>\u2013 Nachverdichtung ohne Bodenversiegelung: bezahlbar und umweltschonend<\/p>\n<p>\u2013 Aufwertung von Restfl\u00e4chen, Industriebrachen, Flachd\u00e4chern, ungenutzten G\u00e4rten<\/p>\n<p>\u2013 PopUp Projekte als Begenungsorte im Viertel zu Themen wie Kreislaufdenken, Ressourcenschonung und Suffizienz<\/p>\n<p>\u2013 M\u00fcnchen besteht zu einem betr\u00e4chtlichen Teil aus Einfamilienhausgebieten: dort schlummert ungenutztes Potenzial hinsichtlich Nachverdichtung ohne Bodenversiegelung \u2013 auf st\u00e4dtischen und privaten Fl\u00e4chen<\/p>\n<\/div>\n<\/div>\n<\/div><\/div><\/div><div class=\"fusion-panel panel-default fusion-toggle-no-divider fusion-toggle-boxed-mode\"><div class=\"panel-heading\"><h4 class=\"panel-title toggle\"><a aria-expanded=\"false\" aria-controls=\"5e2883573cc777682\" role=\"button\" data-toggle=\"collapse\" data-target=\"#5e2883573cc777682\" href=\"#5e2883573cc777682\"><span class=\"fusion-toggle-icon-wrapper\" aria-hidden=\"true\"><i class=\"fa-fusion-box\" aria-hidden=\"true\"><\/i><\/span><span class=\"fusion-toggle-heading\">Sind Tiny Houses die L\u00f6sung im Wohnungsmarkt?<\/span><\/a><\/h4><\/div><div id=\"5e2883573cc777682\" class=\"panel-collapse collapse \"><div class=\"panel-body toggle-content fusion-clearfix\">\n<div class=\"panel-heading\">\n<div class=\"fusion-toggle-heading\">\n<div class=\"panel-body toggle-content post-content\">\n<p>Von uns her gesehen gibt es fu\u0308r den Wohnungsmarkt nicht DIE Lo\u0308sung. Wichtig ist durch eine grosse Vielfalt verschiedenste Mo\u0308glichkeiten zu unterstu\u0308tzen, je nach Fl\u00e4chengr\u00f6\u00dfe und Umgebung. Kleinwohnformen ko\u0308nnen ein Puzzleteil in Stadt- und Gemeindentwicklung sein, welche je nach Person und Situation eine optimale Lo\u0308sung darstellen. Zudem handelt es sich bei Tiny Houses meist um nachhaltige Wohnformen mit erheblich geringerem CO2-Fu\u00dfabdruck im Vergleich zu herko\u0308mmlichen Wohnformen, die flexibel und bezahlbar sind, ohne den Boden zu versiegeln.<\/p>\n<\/div>\n<\/div>\n<\/div>\n<\/div><\/div><\/div><div class=\"fusion-panel panel-default fusion-toggle-no-divider fusion-toggle-boxed-mode\"><div class=\"panel-heading\"><h4 class=\"panel-title toggle\"><a aria-expanded=\"false\" aria-controls=\"15a6c3c8ebb3466ad\" role=\"button\" data-toggle=\"collapse\" data-target=\"#15a6c3c8ebb3466ad\" href=\"#15a6c3c8ebb3466ad\"><span class=\"fusion-toggle-icon-wrapper\" aria-hidden=\"true\"><i class=\"fa-fusion-box\" aria-hidden=\"true\"><\/i><\/span><span class=\"fusion-toggle-heading\">Was erwartet ihr euch von der Lokalpolitik?<\/span><\/a><\/h4><\/div><div id=\"15a6c3c8ebb3466ad\" class=\"panel-collapse collapse \"><div class=\"panel-body toggle-content fusion-clearfix\">\n<div class=\"panel-heading\">\n<div>\n<div class=\"panel-heading\">\n<div class=\"fusion-toggle-heading\">\n<div class=\"panel-body toggle-content post-content\">\n<p>Wir setzen auf Offenheit gegen\u00fcber Kleinwohnformen, die den Boden nicht versiegeln. Denn die Vorteile liegen auch f\u00fcr die Politik auf der Hand, ob langfristige Nachverdichtung oder eine Zwischennutzung auf Brachen und ungenutzten Fl\u00e4chen im Wohngebiet: bezahlbarer, flexibler und umweltschonender Wohnraum ohne Fl\u00e4chenversiegelung. Au\u00dferdem werden so auch Fl\u00e4chen nutzbar, die bisher nicht f\u00fcr Wohnraum infrage kamen: Garagend\u00e4cher, Flachd\u00e4cher in Mischgebieten, Industriebrachen oder Restfl\u00e4chen, die f\u00fcr herk\u00f6mmliche Bauten zu klein sind. Und nebenbei k\u00f6nnen Tiny Houses ein spannender Begegnungsort im Viertel werden, der die BewohnerInnen zu Wohnvielfalt und Ressourcenschonung inspiriert. M\u00fcnchen besteht z.B. zu einem betr\u00e4chtlichen Teil aus Einfamilienhausgebieten: dort schlummert ungenutztes Potenzial hinsichtlich Nachverdichtung ohne Bodenversiegelung \u2013 auf st\u00e4dtischen und privaten Fl\u00e4chen.<\/p>\n<\/div>\n<\/div>\n<\/div>\n<\/div>\n<div class=\"fusion-toggle-heading\"><strong>M\u00f6gliche Ma\u00dfnahmen zur F\u00f6rderung durch die Lokalpolitik:<\/strong><\/div>\n<\/div>\n<div id=\"collapse-1-1832\" class=\"panel-collapse collapse in\">\n<div class=\"panel-body toggle-content post-content\">\n<p>\u2013 Stadt oder Gemeinde als Vorbild, damit Privateigent\u00fcmerInnen ihre Grundst\u00fccke \u00f6ffnen und so kosteng\u00fcnstig und unkompliziert bezahlbaren Wohnraum schaffen<\/p>\n<p>\u2013 An die Nutzungsdauer angepasste Anwendung der Bauvorschriften<\/p>\n<p>\u2013 Zonenfremde Nutzung in allen Bauzonen f\u00fcr Zwischennutzungen zulassen<\/p>\n<p>\u2013 Anwendung eines minimalen Verfahrens vor allem f\u00fcr eine kurzfristige Nutzungsdauer: die lange Genehmigungsdauer und die Kosten f\u00fcr Erschlie\u00dfung versus Nutzungsdauer stellen bisher eine un\u00fcberbr\u00fcckbare H\u00fcrde dar<\/p>\n<p>\u2013 kurzfristige Projekte f\u00fcr Forschung und Wissensvermittlung herausheben, um aufzuzeigen, wie Ressourcen im Sektor Bauen und Wohnen eingespart werden k\u00f6nnen<\/p>\n<\/div>\n<\/div>\n<\/div><\/div><\/div><div class=\"fusion-panel panel-default fusion-toggle-no-divider fusion-toggle-boxed-mode\"><div class=\"panel-heading\"><h4 class=\"panel-title toggle\"><a aria-expanded=\"false\" aria-controls=\"7f99ad081ac684f33\" role=\"button\" data-toggle=\"collapse\" data-target=\"#7f99ad081ac684f33\" href=\"#7f99ad081ac684f33\"><span class=\"fusion-toggle-icon-wrapper\" aria-hidden=\"true\"><i class=\"fa-fusion-box\" aria-hidden=\"true\"><\/i><\/span><span class=\"fusion-toggle-heading\">Wie finde ich eine Fla\u0308che fu\u0308r mein Tiny House?<\/span><\/a><\/h4><\/div><div id=\"7f99ad081ac684f33\" class=\"panel-collapse collapse \"><div class=\"panel-body toggle-content fusion-clearfix\">\n<div class=\"panel-heading\">\n<div class=\"fusion-toggle-heading\">Derzeit ist es eher schwer, an Fla\u0308chen zu kommen, weil sich Tiny Houses oft noch in einer rechtlichen Grauzone befinden und einige Verordnungen unverh\u00e4ltnism\u00e4\u00dfigen Aufwand und Kosten darstellen.<\/div>\n<\/div>\n<div id=\"collapse-1-1837\" class=\"panel-collapse collapse in\">\n<div class=\"panel-body toggle-content post-content\">\n<p>Als erstes musst du sicherlich mal wissen, was du \u00fcberhaubt willst. Wo will ich mit meinem Tiny House hin? Wie gross muss mein Grundst\u00fcck sein? Will ich Kaufen oder Pachten?<\/p>\n<p>Ausgewiesene Tiny House Grundst\u00fccke gibt es praktisch keine. Mach dich also auf die Suche nach Fl\u00e4chen, die deinen Vorstellungen entsprechen. Beschr\u00e4nk deine Suche auf die Wohnzone.<\/p>\n<ul>\n<li aria-level=\"2\">Kontakte anfragen<\/li>\n<li aria-level=\"2\">Google Maps (oder andere Tools nutzen)<\/li>\n<li aria-level=\"2\">Radltour durch interessante Gebiete<\/li>\n<li aria-level=\"2\">Inserate<\/li>\n<\/ul>\n<p>Wichtig ist auch, sich aktiv zu engagieren und \u00d6ffentlichkeitsarbeit zu betreiben, egal ob in einem Verein oder politisch. Oft gilt es u\u0308berhaupt einmal zu erkla\u0308ren, was Tiny Houses denn sind und was die Vorteile davon sein ko\u0308nnen fu\u0308r eine Gemeinde oder Stadt. Relativ selten ist ein gemachtes Nest zu finden, in das man nur noch sein Tiny House stellen muss. Das sollte man sich bewusst sein, bevor der Kauf oder der Bau ansteht. Aber gerade in der Lokalpolitik und im Gemeinderat merkt man: wo ein politischer Wille ist, findet sich meist auch ein Weg. Deshalb lohnt sich das Engagement vor Ort!<\/p>\n<p>Hier gibts praktische Brosch\u00fcren und Checklisten f\u00fcr St\u00e4dte, Gemeinden und Tiny House BesitzerInnen vom <a href=\"https:\/\/www.einfach-gemeinsam-leben.info\" target=\"_blank\" rel=\"noopener\">Verein Einfach Gemeinsam Leben e.V.<\/a> Die Checkliste zum genauen Vorgehen ist allerdings <a href=\"https:\/\/www.einfach-gemeinsam-leben.info\/mitgliedschaft\/\" target=\"_blank\" rel=\"noopener\">Mitgliedern<\/a> vorbehalten.<\/p>\n<\/div>\n<\/div>\n<\/div><\/div><\/div><div class=\"fusion-panel panel-default fusion-toggle-no-divider fusion-toggle-boxed-mode\"><div class=\"panel-heading\"><h4 class=\"panel-title toggle\"><a aria-expanded=\"false\" aria-controls=\"16ce318b8b1ca3826\" role=\"button\" data-toggle=\"collapse\" data-target=\"#16ce318b8b1ca3826\" href=\"#16ce318b8b1ca3826\"><span class=\"fusion-toggle-icon-wrapper\" aria-hidden=\"true\"><i class=\"fa-fusion-box\" aria-hidden=\"true\"><\/i><\/span><span class=\"fusion-toggle-heading\">Wie kann das Quartier oder die Gemeinde von einem Tiny Pop Up profitieren?<\/span><\/a><\/h4><\/div><div id=\"16ce318b8b1ca3826\" class=\"panel-collapse collapse \"><div class=\"panel-body toggle-content fusion-clearfix\">\n<div class=\"panel-heading\">\n<div class=\"fusion-toggle-heading\">Ein Tiny PopUp kann ein spannender Begegnungsort im Quartier oder der Gemeinde sein. Durch Veranstaltungen wie Workshops, Vortra\u0308ge und Erlebnistage soll ein Bewusstsein fu\u0308r Umweltschutz in die breite Masse getragen werden. Erneuerbarer Energien, urbanes G\u00e4rtnern, Suffizienz, \u00f6kologisches Bauen, Ressourceneinsparung und vieles mehr werden praktisch erlebbar gemacht und zeigen auf, wie jeder im Kleinen Wandel vorantreiben kann.<\/div>\n<\/div>\n<div id=\"collapse-1-1870\" class=\"panel-collapse collapse in\">\n<div class=\"panel-body toggle-content post-content\">\n<p>Tiny Pop Ups sind aber nicht nur Begegnungsorte im Viertel, sondern auch Leuchtturmprojekte, die zeigen, dass sich die Stadt oder Gemeinde f\u00fcr kreative L\u00f6sungen einsetzt, was die Fl\u00e4chennutzung angeht. L\u00fccken werden \u00f6kologisch gef\u00fcllt, ohne den Boden zu sehr zu beanspruchen und ohne sich zuk\u00fcnftige M\u00f6glichkeiten zu \u201everbauen\u201c. Egal was in 5, 10 oder 20 Jahren auf solch einer Fl\u00e4che einmal passiern soll \u2013 die Zwischenzeit wird innovativ genutzt.<\/p>\n<\/div>\n<\/div>\n<\/div><\/div><\/div><div class=\"fusion-panel panel-default fusion-toggle-no-divider fusion-toggle-boxed-mode\"><div class=\"panel-heading\"><h4 class=\"panel-title toggle\"><a aria-expanded=\"false\" aria-controls=\"38f734d41a6787711\" role=\"button\" data-toggle=\"collapse\" data-target=\"#38f734d41a6787711\" href=\"#38f734d41a6787711\"><span class=\"fusion-toggle-icon-wrapper\" aria-hidden=\"true\"><i class=\"fa-fusion-box\" aria-hidden=\"true\"><\/i><\/span><span class=\"fusion-toggle-heading\">Was sind die Chancen von Tiny Houses im urbanen Raum?<\/span><\/a><\/h4><\/div><div id=\"38f734d41a6787711\" class=\"panel-collapse collapse \"><div class=\"panel-body toggle-content fusion-clearfix\">\n<div class=\"panel-heading\">\n<div class=\"fusion-toggle-heading\">\n<div class=\"panel-body toggle-content post-content\">\n<div class=\"fusion-fullwidth fullwidth-box fusion-builder-row-2-8 fusion-flex-container nonhundred-percent-fullwidth non-hundred-percent-height-scrolling\">\n<div class=\"fusion-builder-row fusion-row fusion-flex-align-items-flex-start\">\n<div class=\"fusion-layout-column fusion_builder_column fusion-builder-column-12 fusion_builder_column_1_1 1_1 fusion-flex-column\">\n<div class=\"fusion-column-wrapper fusion-flex-justify-content-flex-start fusion-content-layout-column\">\n<div class=\"fusion-text fusion-text-11\">\n<p>Tiny Houses in der Stadt machen u\u0308berall dort Sinn, wo nicht mehr in die Ho\u0308he gebaut werden kann bzw. soll. Dies ko\u0308nnen Fla\u0308chen sein, wo erst in ein paar Jahren gebaut wird und die so fu\u0308r einige Jahre zwischengenutzt werden ko\u0308nnen. Aber auch Nachverdichtung ohne Fla\u0308chenversiegelung ist ein wichtiger Punkt hinsichtlich Tiny Living: auf brach liegenden Grundstu\u0308cken, Hinterho\u0308fen, auf Flachda\u0308chern, Garagend\u00e4chern oder Ga\u0308rten um ein Einfamilienhaus kann bezahlbarer, als auch umweltschonender Wohnraum geschaffen werden, der den Boden nicht versiegelt. Hier liegen die Vorteile von \u201curban Tiny Living\u201d: als o\u0308kologischer Lu\u0308ckenfu\u0308ller.<\/p>\n<\/div>\n<\/div>\n<\/div>\n<\/div>\n<\/div>\n<\/div>\n<\/div>\n<\/div>\n<\/div><\/div><\/div><\/div><\/div><div class=\"fusion-separator fusion-full-width-sep\" style=\"align-self: center;margin-left: auto;margin-right: auto;flex-grow:3;margin-top:30px;width:100%;\"><\/div><style type=\"text\/css\">@media only screen and (max-width:800px) {.fusion-title.fusion-title-4{margin-top:0px!important; margin-right:0px!important;margin-bottom:30px!important;margin-left:0px!important;}}@media only screen and (max-width:640px) {.fusion-title.fusion-title-4{margin-top:0px!important; margin-right:0px!important;margin-bottom:20px!important; margin-left:0px!important;}}<\/style><div class=\"fusion-title title fusion-title-4 fusion-sep-none fusion-title-center fusion-title-text fusion-title-size-three\" style=\"margin-top:0px;margin-right:0px;margin-bottom:30px;margin-left:0px;\"><h3 class=\"title-heading-center fusion-responsive-typography-calculated\" style=\"margin:0;--fontSize:22;--minFontSize:22px;line-height:1.91;\">Wissenswerte Zusatzinfos<\/h3><\/div><div ><span class=\" fusion-imageframe imageframe-none imageframe-3 hover-type-none\"><img decoding=\"async\" width=\"724\" height=\"1024\" title=\"Infoplakat Urban Tinyliving\" src=\"https:\/\/i0.wp.com\/tinypopup.de\/wp-content\/uploads\/2022\/01\/Infoplakat-Urban-Tinyliving.png?fit=794%2C1123&ssl=1\" data-orig-src=\"https:\/\/tinypopup.de\/wp-content\/uploads\/2022\/01\/Infoplakat-Urban-Tinyliving-724x1024.png\" alt class=\"lazyload img-responsive wp-image-2152\" srcset=\"data:image\/svg+xml,%3Csvg%20xmlns%3D%27http%3A%2F%2Fwww.w3.org%2F2000%2Fsvg%27%20width%3D%27794%27%20height%3D%271123%27%20viewBox%3D%270%200%20794%201123%27%3E%3Crect%20width%3D%27794%27%20height%3D%271123%27%20fill-opacity%3D%220%22%2F%3E%3C%2Fsvg%3E\" data-srcset=\"https:\/\/i0.wp.com\/tinypopup.de\/wp-content\/uploads\/2022\/01\/Infoplakat-Urban-Tinyliving.png?resize=200%2C283&amp;ssl=1 200w, https:\/\/i0.wp.com\/tinypopup.de\/wp-content\/uploads\/2022\/01\/Infoplakat-Urban-Tinyliving.png?resize=212%2C300&amp;ssl=1 212w, https:\/\/i0.wp.com\/tinypopup.de\/wp-content\/uploads\/2022\/01\/Infoplakat-Urban-Tinyliving.png?resize=400%2C566&amp;ssl=1 400w, https:\/\/i0.wp.com\/tinypopup.de\/wp-content\/uploads\/2022\/01\/Infoplakat-Urban-Tinyliving.png?resize=600%2C849&amp;ssl=1 600w, https:\/\/i0.wp.com\/tinypopup.de\/wp-content\/uploads\/2022\/01\/Infoplakat-Urban-Tinyliving.png?resize=724%2C1024&amp;ssl=1 724w, https:\/\/i0.wp.com\/tinypopup.de\/wp-content\/uploads\/2022\/01\/Infoplakat-Urban-Tinyliving.png?resize=768%2C1086&amp;ssl=1 768w, https:\/\/i0.wp.com\/tinypopup.de\/wp-content\/uploads\/2022\/01\/Infoplakat-Urban-Tinyliving.png?w=794&amp;ssl=1 794w\" data-sizes=\"auto\" data-orig-sizes=\"(max-width: 800px) 100vw, (max-width: 640px) 100vw, 400px\" \/><\/span><\/div><div class=\"fusion-separator fusion-full-width-sep\" style=\"align-self: center;margin-left: auto;margin-right: auto;flex-grow:3;margin-top:30px;width:100%;\"><\/div><style type=\"text\/css\">@media only screen and (max-width:800px) {.fusion-title.fusion-title-5{margin-top:0px!important; margin-right:0px!important;margin-bottom:30px!important;margin-left:0px!important;}}@media only screen and (max-width:640px) {.fusion-title.fusion-title-5{margin-top:0px!important; margin-right:0px!important;margin-bottom:20px!important; margin-left:0px!important;}}<\/style><div class=\"fusion-title title fusion-title-5 fusion-sep-none fusion-title-center fusion-title-text fusion-title-size-three\" style=\"margin-top:0px;margin-right:0px;margin-bottom:30px;margin-left:0px;\"><h3 class=\"title-heading-center fusion-responsive-typography-calculated\" style=\"margin:0;--fontSize:22;--minFontSize:22px;line-height:1.91;\">SDG<\/h3><\/div><div ><span class=\" fusion-imageframe imageframe-none imageframe-4 hover-type-none\" style=\"border:30px solid #f6f6f6;\"><img decoding=\"async\" width=\"4465\" height=\"1336\" title=\"SDG_combi_RGB\" src=\"https:\/\/i0.wp.com\/tinypopup.de\/wp-content\/uploads\/2022\/01\/SDG_combi_RGB.png?fit=4465%2C1336&ssl=1\" data-orig-src=\"https:\/\/tinypopup.de\/wp-content\/uploads\/2022\/01\/SDG_combi_RGB.png\" alt class=\"lazyload img-responsive wp-image-1986\" srcset=\"data:image\/svg+xml,%3Csvg%20xmlns%3D%27http%3A%2F%2Fwww.w3.org%2F2000%2Fsvg%27%20width%3D%274465%27%20height%3D%271336%27%20viewBox%3D%270%200%204465%201336%27%3E%3Crect%20width%3D%274465%27%20height%3D%271336%27%20fill-opacity%3D%220%22%2F%3E%3C%2Fsvg%3E\" data-srcset=\"https:\/\/i0.wp.com\/tinypopup.de\/wp-content\/uploads\/2022\/01\/SDG_combi_RGB.png?resize=200%2C60&amp;ssl=1 200w, https:\/\/i0.wp.com\/tinypopup.de\/wp-content\/uploads\/2022\/01\/SDG_combi_RGB.png?resize=300%2C90&amp;ssl=1 300w, https:\/\/i0.wp.com\/tinypopup.de\/wp-content\/uploads\/2022\/01\/SDG_combi_RGB.png?resize=400%2C120&amp;ssl=1 400w, https:\/\/i0.wp.com\/tinypopup.de\/wp-content\/uploads\/2022\/01\/SDG_combi_RGB.png?resize=600%2C180&amp;ssl=1 600w, https:\/\/i0.wp.com\/tinypopup.de\/wp-content\/uploads\/2022\/01\/SDG_combi_RGB.png?resize=768%2C230&amp;ssl=1 768w, https:\/\/i0.wp.com\/tinypopup.de\/wp-content\/uploads\/2022\/01\/SDG_combi_RGB.png?resize=800%2C239&amp;ssl=1 800w, https:\/\/i0.wp.com\/tinypopup.de\/wp-content\/uploads\/2022\/01\/SDG_combi_RGB.png?resize=1024%2C306&amp;ssl=1 1024w, https:\/\/i0.wp.com\/tinypopup.de\/wp-content\/uploads\/2022\/01\/SDG_combi_RGB.png?resize=1200%2C359&amp;ssl=1 1200w, https:\/\/i0.wp.com\/tinypopup.de\/wp-content\/uploads\/2022\/01\/SDG_combi_RGB.png?resize=1536%2C460&amp;ssl=1 1536w, https:\/\/i0.wp.com\/tinypopup.de\/wp-content\/uploads\/2022\/01\/SDG_combi_RGB.png?w=2340&amp;ssl=1 2340w, https:\/\/i0.wp.com\/tinypopup.de\/wp-content\/uploads\/2022\/01\/SDG_combi_RGB.png?w=3510&amp;ssl=1 3510w, https:\/\/i0.wp.com\/tinypopup.de\/wp-content\/uploads\/2022\/01\/SDG_combi_RGB.png?w=4465&amp;ssl=1 4465w\" data-sizes=\"auto\" data-orig-sizes=\"(max-width: 800px) 100vw, (max-width: 640px) 100vw, 400px\" \/><\/span><\/div><div class=\"fusion-text fusion-text-2\" style=\"margin-right:30px;margin-left:30px;\"><p>Dieser Beitrag unterst\u00fctzt folgende UN Nachhaltigkeitsziele:<\/p>\n<\/div><div ><span class=\" fusion-imageframe imageframe-none imageframe-5 hover-type-none\" style=\"border:30px solid #f6f6f6;\"><img decoding=\"async\" width=\"886\" height=\"886\" title=\"SDG-icon-DE-11\" src=\"https:\/\/i0.wp.com\/tinypopup.de\/wp-content\/uploads\/2022\/01\/SDG-icon-DE-11.jpg?fit=886%2C886&ssl=1\" data-orig-src=\"https:\/\/tinypopup.de\/wp-content\/uploads\/2022\/01\/SDG-icon-DE-11.jpg\" alt class=\"lazyload img-responsive wp-image-2079\" srcset=\"data:image\/svg+xml,%3Csvg%20xmlns%3D%27http%3A%2F%2Fwww.w3.org%2F2000%2Fsvg%27%20width%3D%27886%27%20height%3D%27886%27%20viewBox%3D%270%200%20886%20886%27%3E%3Crect%20width%3D%27886%27%20height%3D%27886%27%20fill-opacity%3D%220%22%2F%3E%3C%2Fsvg%3E\" data-srcset=\"https:\/\/i0.wp.com\/tinypopup.de\/wp-content\/uploads\/2022\/01\/SDG-icon-DE-11.jpg?resize=66%2C66&amp;ssl=1 66w, https:\/\/i0.wp.com\/tinypopup.de\/wp-content\/uploads\/2022\/01\/SDG-icon-DE-11.jpg?resize=150%2C150&amp;ssl=1 150w, https:\/\/i0.wp.com\/tinypopup.de\/wp-content\/uploads\/2022\/01\/SDG-icon-DE-11.jpg?resize=200%2C200&amp;ssl=1 200w, https:\/\/i0.wp.com\/tinypopup.de\/wp-content\/uploads\/2022\/01\/SDG-icon-DE-11.jpg?resize=300%2C300&amp;ssl=1 300w, https:\/\/i0.wp.com\/tinypopup.de\/wp-content\/uploads\/2022\/01\/SDG-icon-DE-11.jpg?resize=400%2C400&amp;ssl=1 400w, https:\/\/i0.wp.com\/tinypopup.de\/wp-content\/uploads\/2022\/01\/SDG-icon-DE-11.jpg?resize=600%2C600&amp;ssl=1 600w, https:\/\/i0.wp.com\/tinypopup.de\/wp-content\/uploads\/2022\/01\/SDG-icon-DE-11.jpg?resize=768%2C768&amp;ssl=1 768w, https:\/\/i0.wp.com\/tinypopup.de\/wp-content\/uploads\/2022\/01\/SDG-icon-DE-11.jpg?resize=800%2C800&amp;ssl=1 800w, https:\/\/i0.wp.com\/tinypopup.de\/wp-content\/uploads\/2022\/01\/SDG-icon-DE-11.jpg?w=886&amp;ssl=1 886w\" data-sizes=\"auto\" data-orig-sizes=\"(max-width: 800px) 100vw, (max-width: 640px) 100vw, 400px\" \/><\/span><\/div><div ><style>.fusion-button.button-2{border-radius:0px 0px 0px 0px;}<\/style><a class=\"fusion-button button-flat fusion-button-default-size button-default button-2 fusion-button-default-span fusion-button-default-type\" target=\"_self\" href=\"https:\/\/17ziele.de\/\" rel=\"noopener\"><span class=\"fusion-button-text\">Mehr zu den UN SDG Zielen<\/span><\/a><\/div><\/div><style type=\"text\/css\">.fusion-body .fusion-builder-column-1{width:33.333333333333% !important;margin-top : 0px;margin-bottom : 20px;}.fusion-builder-column-1 > .fusion-column-wrapper {padding-top : 0px !important;padding-right : 0px !important;margin-right : 5.76%;padding-bottom : 0px !important;padding-left : 0px !important;margin-left : 5.76%;}@media only screen and (max-width:800px) {.fusion-body .fusion-builder-column-1{width:100% !important;order : 0;}.fusion-builder-column-1 > .fusion-column-wrapper {margin-right : 1.92%;margin-left : 1.92%;}}@media only screen and (max-width:640px) {.fusion-body .fusion-builder-column-1{width:100% !important;order : 0;}.fusion-builder-column-1 > .fusion-column-wrapper {margin-right : 1.92%;margin-left : 1.92%;}}<\/style><\/div><\/div><style type=\"text\/css\">.fusion-body .fusion-flex-container.fusion-builder-row-1{ padding-top : 0px;margin-top : 0px;padding-right : 0px;padding-bottom : 0px;margin-bottom : 0px;padding-left : 0px;}<\/style><\/div>\n","protected":false},"excerpt":{"rendered":"","protected":false},"author":1,"featured_media":3417,"comment_status":"open","ping_status":"open","sticky":false,"template":"","format":"standard","meta":{"_jetpack_memberships_contains_paid_content":false,"footnotes":""},"categories":[4,6],"tags":[105],"class_list":["post-3416","post","type-post","status-publish","format-standard","has-post-thumbnail","hentry","category-politik","category-presse","tag-stadtratsantrag"],"jetpack_featured_media_url":"https:\/\/i0.wp.com\/tinypopup.de\/wp-content\/uploads\/2022\/07\/presse-mitteilung-gru%CC%88ne-rosa-liste-mehr-tiny-houses-ermo%CC%88glichen-tiny-pop-up-muenchen-pullach.jpg?fit=1024%2C683&ssl=1","jetpack-related-posts":[],"jetpack_sharing_enabled":true,"_links":{"self":[{"href":"https:\/\/tinypopup.de\/tiny-house-muenchen\/wp-json\/wp\/v2\/posts\/3416","targetHints":{"allow":["GET"]}}],"collection":[{"href":"https:\/\/tinypopup.de\/tiny-house-muenchen\/wp-json\/wp\/v2\/posts"}],"about":[{"href":"https:\/\/tinypopup.de\/tiny-house-muenchen\/wp-json\/wp\/v2\/types\/post"}],"author":[{"embeddable":true,"href":"https:\/\/tinypopup.de\/tiny-house-muenchen\/wp-json\/wp\/v2\/users\/1"}],"replies":[{"embeddable":true,"href":"https:\/\/tinypopup.de\/tiny-house-muenchen\/wp-json\/wp\/v2\/comments?post=3416"}],"version-history":[{"count":0,"href":"https:\/\/tinypopup.de\/tiny-house-muenchen\/wp-json\/wp\/v2\/posts\/3416\/revisions"}],"wp:featuredmedia":[{"embeddable":true,"href":"https:\/\/tinypopup.de\/tiny-house-muenchen\/wp-json\/wp\/v2\/media\/3417"}],"wp:attachment":[{"href":"https:\/\/tinypopup.de\/tiny-house-muenchen\/wp-json\/wp\/v2\/media?parent=3416"}],"wp:term":[{"taxonomy":"category","embeddable":true,"href":"https:\/\/tinypopup.de\/tiny-house-muenchen\/wp-json\/wp\/v2\/categories?post=3416"},{"taxonomy":"post_tag","embeddable":true,"href":"https:\/\/tinypopup.de\/tiny-house-muenchen\/wp-json\/wp\/v2\/tags?post=3416"}],"curies":[{"name":"wp","href":"https:\/\/api.w.org\/{rel}","templated":true}]}}