{"id":3507,"date":"2020-06-01T15:22:13","date_gmt":"2020-06-01T14:22:13","guid":{"rendered":"https:\/\/tinypopup.de\/?p=3507"},"modified":"2022-08-07T15:27:58","modified_gmt":"2022-08-07T14:27:58","slug":"tiny-pop-up-muenchen-feiert-1-jaehriges","status":"publish","type":"post","link":"https:\/\/tinypopup.de\/tiny-house-muenchen\/tiny-pop-up-muenchen-feiert-1-jaehriges\/","title":{"rendered":"Tiny Pop Up M\u00fcnchen feiert 1-J\u00e4hriges!"},"content":{"rendered":"<div class=\"fusion-fullwidth fullwidth-box fusion-builder-row-1 fusion-flex-container nonhundred-percent-fullwidth non-hundred-percent-height-scrolling\" style=\"background-color: rgba(255,255,255,0);background-position: center center;background-repeat: no-repeat;border-width: 0px 0px 0px 0px;border-color:#eae9e9;border-style:solid;\" ><div class=\"fusion-builder-row fusion-row fusion-flex-align-items-flex-start\" style=\"max-width:1216.8px;margin-left: calc(-4% \/ 2 );margin-right: calc(-4% \/ 2 );\"><div class=\"fusion-layout-column fusion_builder_column fusion-builder-column-0 fusion_builder_column_1_1 1_1 fusion-flex-column\"><div class=\"fusion-column-wrapper fusion-flex-justify-content-flex-start fusion-content-layout-column\" style=\"background-position:left top;background-repeat:no-repeat;-webkit-background-size:cover;-moz-background-size:cover;-o-background-size:cover;background-size:cover;padding: 0px 0px 0px 0px;\"><div class=\"fusion-text fusion-text-1\"><div id=\"cc-m-6181754766\" class=\"j-module n j-text \">\n<p>Vor einem Jahr war\u00b4s soweit: Die Tiny Houses &#8222;Mission Winzig&#8220; und &#8222;Tiny DaHome&#8220; sind nach Pasing gezogen. W\u00e4hrend &#8222;Mission Winzig&#8220; bereits ein M\u00fcnchner Kindl war, is das &#8222;Tiny DaHome&#8220; aus dem Ammertal im bayrischen Oberland in die Isarmetropole immigriert ;-) Das war nat\u00fcrlich mit viel Planungsaufwand und schlaflosen N\u00e4chten verbunden, aber letztendlich sind Tiny Houses on wheels ja darauf ausgelegt, ab und an den Ort zu wechseln. Wir wollen hier unsere Tiny-Umzugserfahrungen mit euch teilen, da es ja schon ein entscheidender Moment ist. Fehler hinsichtlich Gewicht, H\u00f6he, Geschwindigkeit oder Anmeldung k\u00f6nnen teuer und gef\u00e4hrlich werden. Und zu beachten gibt es dann doch ein paar Sachen hinsichtlich Gewicht, Zulassungen, Versicherungen usw.<\/p>\n<p><strong>Also, hier ein paar DO\u00b4s\u00a0 DONT\u00b4s zum Transport:<\/strong><\/p>\n<p><strong>Vorbereitung Transport<\/strong><\/p>\n<p>&#8211; Tiny House wiegen, ob innerhalb der 3,5t (am besten bei einer LKW Waage, gibts bei Kieswerken und M\u00fclldeponien)<\/p>\n<p>&#8211;&gt; wir konnten leider nur provisorisch mit einer Camping-Waage das Gewicht ermitteln: ca. 3,15t &#8211; also mehr als im Gr\u00fcnen Bereich ;-)<\/p>\n<p>-Scheiben mit Karton abkleben<\/p>\n<p>&#8211; H\u00e4nger anmelden: nach sp\u00e4testens 18 Monaten ab Ausstellung des COC Papiers sollte der H\u00e4nger fest angemeldet werden, sonst muss man extra zum T\u00dcV fahren. Bei der Erstanmeldung bekommt man dann automatisch 2 Jahre T\u00dcV.<\/p>\n<p>&#8211; Transportversicherung f\u00fcr den entsprechenden Tag buchen, damit die Ladung (also das Haus) bei Sch\u00e4den versichert ist<\/p>\n<p>&#8211; Zugfahrzeug organisieren: wir haben uns f\u00fcr einen 7.5t LKW entschieden und uns rechtzeitig ein Angebot eingeholt: unbedingt mehrmals sicherstellen, dass der LKW auch die richtige Anh\u00e4ngerkupplung (bei uns Kugelkopf) hat, denn \u00fcblich sind bei LKW eher Maulkupplungen. Leider hat uns das nicht davor bewahrt, dass die Autovermietung es vergessen hat..daf\u00fcr gabs dann Rabatt..<\/p>\n<p>&#8211; Warum LKW? Es erleichtert den Umzug (alles was zu schwer ist im Tiny kann in den LKW geladen werden) und schafft Sicherheit (Gewichtsverh\u00e4ltnis Anh\u00e4nger zu Zugfahrzeug ist besser im Vergleich zu einem PickUp)<\/p>\n<p>&#8211; Kosten: KfZ Steuer H\u00e4nger 126\u20ac pro Jahr, einmalige Anmeldekosten bei der Zulassungsstelle von ca. 50\u20ac, Versicherung f\u00fcr den H\u00e4nger gibt\u00b4s ab 30\u20ac pro Jahr, Ladungsversicherung f\u00fcr Transport pro Tag 60\u20ac, Miete LKW (Buchbinder, Eurocar, Hertz o.\u00c4.) f\u00fcr 24h mit entsprechender Kupplung gibt\u00b4s zwischen 200\u20ac und 400\u20ac (abh\u00e4ngig von Nachfrage und gefahrenen Kilometern)<\/p>\n<p>&#8211; Umzugshilfe von Freunden, Verwandten und Bekannten: unbezahlbar!!!<\/p>\n<\/div>\n<div id=\"cc-m-6181754866\" class=\"j-module n j-textWithImage \">\n<figure class=\"cc-imagewrapper cc-m-image-align-2\"><img data-recalc-dims=\"1\" decoding=\"async\" id=\"cc-m-textwithimage-image-6181754866\" class=\"lazyload \" src=\"https:\/\/i0.wp.com\/image.jimcdn.com\/app\/cms\/image\/transf\/dimension%3D476x1024%3Aformat%3Djpg\/path\/s3e839958b17f2fe1\/image\/i022a5aa11832ff89\/version\/1591009288\/image.jpg?w=1170&#038;ssl=1\" data-orig-src=\"https:\/\/image.jimcdn.com\/app\/cms\/image\/transf\/dimension=476x1024:format=jpg\/path\/s3e839958b17f2fe1\/image\/i022a5aa11832ff89\/version\/1591009288\/image.jpg\" data-sizes=\"auto\" data-orig-sizes=\"(min-width: 476px) 476px, 100vw\" srcset=\"data:image\/svg+xml,%3Csvg%20xmlns%3D%27http%3A%2F%2Fwww.w3.org%2F2000%2Fsvg%27%20width%3D%274128%27%20height%3D%272322%27%20viewBox%3D%270%200%204128%202322%27%3E%3Crect%20width%3D%274128%27%20height%3D%272322%27%20fill-opacity%3D%220%22%2F%3E%3C%2Fsvg%3E\" data-srcset=\"https:\/\/image.jimcdn.com\/app\/cms\/image\/transf\/dimension=320x1024:format=jpg\/path\/s3e839958b17f2fe1\/image\/i022a5aa11832ff89\/version\/1591009288\/image.jpg 320w, https:\/\/image.jimcdn.com\/app\/cms\/image\/transf\/dimension=476x1024:format=jpg\/path\/s3e839958b17f2fe1\/image\/i022a5aa11832ff89\/version\/1591009288\/image.jpg 476w, https:\/\/image.jimcdn.com\/app\/cms\/image\/transf\/dimension=640x1024:format=jpg\/path\/s3e839958b17f2fe1\/image\/i022a5aa11832ff89\/version\/1591009288\/image.jpg 640w, https:\/\/image.jimcdn.com\/app\/cms\/image\/transf\/dimension=952x1024:format=jpg\/path\/s3e839958b17f2fe1\/image\/i022a5aa11832ff89\/version\/1591009288\/image.jpg 952w\" alt=\"\" data-src-width=\"4128\" data-src-height=\"2322\" data-src=\"https:\/\/image.jimcdn.com\/app\/cms\/image\/transf\/dimension=476x1024:format=jpg\/path\/s3e839958b17f2fe1\/image\/i022a5aa11832ff89\/version\/1591009288\/image.jpg\" data-image-id=\"3746621966\" \/><\/figure>\n<div>\n<div id=\"cc-m-textwithimage-6181754866\" class=\"cc-m-textwithimage-inline-rte\" data-name=\"text\" data-action=\"text\">\n<p><strong>Transport nach M\u00fcnchen<\/strong><\/p>\n<p>Die Fahrt an sich verlief reibungslos, die Konstruktion hat nicht gewackelt, alles hat bombenfest gehalten, trotz kleiner Reifenpanne (Randstein erwischt, Reifen platt, Felge im A***).<\/p>\n<p>Dank Autobahn waren wir dann auch sehr z\u00fcgig im M\u00fcnchener Westen. Wir waren letztendlich wirklich froh um die Autobahnstrecke, denn auf der Landstra\u00dfe wurden wir einige Male so halsbrecherisch \u00fcberholt, dass man sich nur wundern kann. Einer der unberechenbaren Faktoren sind immer Idioten, die ihr Leben und das anderer durch solches \u00dcberholen gef\u00e4hrden.<\/p>\n<p>Tipp:<\/p>\n<p>&#8211; Reserve-Reifen f\u00fcr das Tiny kann von Vorteil sein ;-)<\/p>\n<p>&#8211; Begleitfahrzeug, das hinter dem Tiny f\u00e4hrt und bei Pannen Bescheid geben kann, ist auch Gold wert.<\/p>\n<p>&#8211; Richtgeschwindigkeit auf der Autobahn: wichtig ist, dass ein Fahrzeug auf mindestens 60 km\/h zugelassen ist, es ist dann auch kein Problem, diese 60 km\/h zu unterschreiten.<\/p>\n<p>&#8211; Die Strecke vorher abfahren: nicht nur auf die H\u00f6henbegrenzungen achten, sondern auch auf tempor\u00e4re Baustellen, Bodenwellen oder sonstige Behinderungen<\/p>\n<p><strong>Noch ein kurzer Exkurs zur Stellplatzsuche:<\/strong><\/p>\n<p>Zun\u00e4chst sind wir nach wie vor mit der Stadt M\u00fcnchen und den entsprechenden Referaten in Kontakt, um mittels Nachverdichtung und Zwischennutzung Leben auf kleinem Raum auch f\u00fcr M\u00fcnchen attraktiv zu machen. Es sind Fl\u00e4chen von der Stadt vorhanden, die entweder zu klein sind f\u00fcr eine traditionelle Nutzung oder erst in einigen Jahren bebaut werden und bis dahin zwischennutzbar w\u00e4ren. Leider wei\u00df die Stadt bei vielen Fl\u00e4chen nicht, dass sie ihr \u00fcberhaupt geh\u00f6ren &#8211; wir hoffen, das Kommunalreferat erkennt den Ernst der Lage baldm\u00f6glichst. Und da die M\u00fchlen der Verwaltung sehr langsam mahlen, wir unser Projekt jedoch schnell starten wollten, stehen wir vorerst auf einer privaten Fl\u00e4che im M\u00fcnchener Westen. Aktionen und Projekte, die in anderen St\u00e4dten schon m\u00f6glich sind oder schneller m\u00f6glich gemacht werden, dauern in M\u00fcnchen bekanntlich immer etwas l\u00e4nger. Wir bleiben dran mit der Stadt und fangen jetzt einfach trotzdem mal an ;-)<\/p>\n<p>Bei unserem Tiny Pop Up Projekt geht es uns darum, an diesem urbanen Platz die H\u00e4user fertig zu bauen und einen integrativen Ort zu schaffen, an dem \u00f6kologisches und minimalistisches Leben in Tiny Houses erforscht und innovative L\u00f6sungen getestet werden k\u00f6nnen. Veranstaltungen, Vortr\u00e4ge, F\u00fchrungen und Workshops sind langfristig geplant. Leider ist kein Platz mehr f\u00fcr weitere Tiny Houses. Wir hoffen aber, dass unser Engagement bei Gesellschaft und Politik etwas bewegen wird und so bald mehr Fl\u00e4chen f\u00fcr Tiny Houses zur Verf\u00fcgung stehen werden.<\/p>\n<p><strong>\u00a0<\/strong><\/p>\n<\/div>\n<\/div>\n<div class=\"cc-clear\"><\/div>\n<\/div>\n<div id=\"cc-m-6181754966\" class=\"j-module n j-imageSubtitle \">\n<figure class=\"cc-imagewrapper cc-m-image-align-1 cc-m-width-maxed\"><img data-recalc-dims=\"1\" decoding=\"async\" id=\"cc-m-imagesubtitle-image-6181754966\" class=\"lazyload \" src=\"https:\/\/i0.wp.com\/image.jimcdn.com\/app\/cms\/image\/transf\/dimension%3D850x10000%3Aformat%3Djpg\/path\/s3e839958b17f2fe1\/image\/ib6a9a148a07c32da\/version\/1591008367\/image.jpg?w=1170&#038;ssl=1\" data-orig-src=\"https:\/\/image.jimcdn.com\/app\/cms\/image\/transf\/dimension=850x10000:format=jpg\/path\/s3e839958b17f2fe1\/image\/ib6a9a148a07c32da\/version\/1591008367\/image.jpg\" data-sizes=\"auto\" data-orig-sizes=\"(min-width: 850px) 850px, 100vw\" srcset=\"data:image\/svg+xml,%3Csvg%20xmlns%3D%27http%3A%2F%2Fwww.w3.org%2F2000%2Fsvg%27%20width%3D%274128%27%20height%3D%272322%27%20viewBox%3D%270%200%204128%202322%27%3E%3Crect%20width%3D%274128%27%20height%3D%272322%27%20fill-opacity%3D%220%22%2F%3E%3C%2Fsvg%3E\" data-srcset=\"https:\/\/image.jimcdn.com\/app\/cms\/image\/transf\/dimension=320x10000:format=jpg\/path\/s3e839958b17f2fe1\/image\/ib6a9a148a07c32da\/version\/1591008367\/image.jpg 320w, https:\/\/image.jimcdn.com\/app\/cms\/image\/transf\/dimension=640x10000:format=jpg\/path\/s3e839958b17f2fe1\/image\/ib6a9a148a07c32da\/version\/1591008367\/image.jpg 640w, https:\/\/image.jimcdn.com\/app\/cms\/image\/transf\/dimension=850x10000:format=jpg\/path\/s3e839958b17f2fe1\/image\/ib6a9a148a07c32da\/version\/1591008367\/image.jpg 850w, https:\/\/image.jimcdn.com\/app\/cms\/image\/transf\/dimension=960x10000:format=jpg\/path\/s3e839958b17f2fe1\/image\/ib6a9a148a07c32da\/version\/1591008367\/image.jpg 960w, https:\/\/image.jimcdn.com\/app\/cms\/image\/transf\/dimension=1280x10000:format=jpg\/path\/s3e839958b17f2fe1\/image\/ib6a9a148a07c32da\/version\/1591008367\/image.jpg 1280w, https:\/\/image.jimcdn.com\/app\/cms\/image\/transf\/dimension=1700x10000:format=jpg\/path\/s3e839958b17f2fe1\/image\/ib6a9a148a07c32da\/version\/1591008367\/image.jpg 1700w\" alt=\"\" data-src-width=\"4128\" data-src-height=\"2322\" data-src=\"https:\/\/image.jimcdn.com\/app\/cms\/image\/transf\/dimension=850x10000:format=jpg\/path\/s3e839958b17f2fe1\/image\/ib6a9a148a07c32da\/version\/1591008367\/image.jpg\" data-image-id=\"3746622066\" \/><\/figure>\n<\/div>\n<\/div><\/div><style type=\"text\/css\">.fusion-body .fusion-builder-column-0{width:100% !important;margin-top : 0px;margin-bottom : 20px;}.fusion-builder-column-0 > .fusion-column-wrapper {padding-top : 0px !important;padding-right : 0px !important;margin-right : 1.92%;padding-bottom : 0px !important;padding-left : 0px !important;margin-left : 1.92%;}@media only screen and (max-width:800px) {.fusion-body .fusion-builder-column-0{width:100% !important;order : 0;}.fusion-builder-column-0 > .fusion-column-wrapper {margin-right : 1.92%;margin-left : 1.92%;}}@media only screen and (max-width:640px) {.fusion-body .fusion-builder-column-0{width:100% !important;order : 0;}.fusion-builder-column-0 > .fusion-column-wrapper {margin-right : 1.92%;margin-left : 1.92%;}}<\/style><\/div><\/div><style type=\"text\/css\">.fusion-body .fusion-flex-container.fusion-builder-row-1{ padding-top : 0px;margin-top : 0px;padding-right : 0px;padding-bottom : 0px;margin-bottom : 0px;padding-left : 0px;}<\/style><\/div>\n","protected":false},"excerpt":{"rendered":"","protected":false},"author":1,"featured_media":3508,"comment_status":"open","ping_status":"open","sticky":false,"template":"","format":"standard","meta":{"_jetpack_memberships_contains_paid_content":false,"footnotes":""},"categories":[5],"tags":[155,112,161,156,159,116,151,106,108,127,124,125,126,152,158,153,160,157,154,148,150],"class_list":["post-3507","post","type-post","status-publish","format-standard","has-post-thumbnail","hentry","category-event","tag-brachflaeche","tag-kleinwohnformen","tag-livingsmall","tag-lkw","tag-mission-winzig","tag-muenchen","tag-smalliving","tag-tiny-house","tag-tiny-house-on-wheels","tag-tinyhousedeutschland","tag-tinyhousemunich","tag-tinypopup","tag-tinypopupmunich","tag-umzug","tag-umzug-mit-dem-eigenen-haus","tag-umzug-mit-tiny-house","tag-umzugsstress","tag-umzugsvorbereitung","tag-urban","tag-urbanlivingideas","tag-zwischennutzung"],"jetpack_featured_media_url":"https:\/\/i0.wp.com\/tinypopup.de\/wp-content\/uploads\/2022\/08\/umzug.jpg?fit=1700%2C956&ssl=1","jetpack-related-posts":[],"jetpack_sharing_enabled":true,"_links":{"self":[{"href":"https:\/\/tinypopup.de\/tiny-house-muenchen\/wp-json\/wp\/v2\/posts\/3507","targetHints":{"allow":["GET"]}}],"collection":[{"href":"https:\/\/tinypopup.de\/tiny-house-muenchen\/wp-json\/wp\/v2\/posts"}],"about":[{"href":"https:\/\/tinypopup.de\/tiny-house-muenchen\/wp-json\/wp\/v2\/types\/post"}],"author":[{"embeddable":true,"href":"https:\/\/tinypopup.de\/tiny-house-muenchen\/wp-json\/wp\/v2\/users\/1"}],"replies":[{"embeddable":true,"href":"https:\/\/tinypopup.de\/tiny-house-muenchen\/wp-json\/wp\/v2\/comments?post=3507"}],"version-history":[{"count":0,"href":"https:\/\/tinypopup.de\/tiny-house-muenchen\/wp-json\/wp\/v2\/posts\/3507\/revisions"}],"wp:featuredmedia":[{"embeddable":true,"href":"https:\/\/tinypopup.de\/tiny-house-muenchen\/wp-json\/wp\/v2\/media\/3508"}],"wp:attachment":[{"href":"https:\/\/tinypopup.de\/tiny-house-muenchen\/wp-json\/wp\/v2\/media?parent=3507"}],"wp:term":[{"taxonomy":"category","embeddable":true,"href":"https:\/\/tinypopup.de\/tiny-house-muenchen\/wp-json\/wp\/v2\/categories?post=3507"},{"taxonomy":"post_tag","embeddable":true,"href":"https:\/\/tinypopup.de\/tiny-house-muenchen\/wp-json\/wp\/v2\/tags?post=3507"}],"curies":[{"name":"wp","href":"https:\/\/api.w.org\/{rel}","templated":true}]}}