{"id":4888,"date":"2025-07-04T11:10:33","date_gmt":"2025-07-04T09:10:33","guid":{"rendered":"https:\/\/tinypopup.de\/tiny-house-muenchen\/?p=4888"},"modified":"2025-07-04T11:21:00","modified_gmt":"2025-07-04T09:21:00","slug":"tag-der-offenen-gartentuer-im-tiny-popup-muenchen","status":"publish","type":"post","link":"https:\/\/tinypopup.de\/tiny-house-muenchen\/tag-der-offenen-gartentuer-im-tiny-popup-muenchen\/","title":{"rendered":"Tag der offenen Gartent\u00fcr im Tiny PopUp M\u00fcnchen"},"content":{"rendered":"<div class=\"fusion-fullwidth fullwidth-box fusion-builder-row-1 fusion-flex-container nonhundred-percent-fullwidth non-hundred-percent-height-scrolling\" style=\"background-color: rgba(255,255,255,0);background-position: center center;background-repeat: no-repeat;border-width: 0px 0px 0px 0px;border-color:#eae9e9;border-style:solid;\" ><div class=\"fusion-builder-row fusion-row fusion-flex-align-items-flex-start\" style=\"max-width:1216.8px;margin-left: calc(-4% \/ 2 );margin-right: calc(-4% \/ 2 );\"><div class=\"fusion-layout-column fusion_builder_column fusion-builder-column-0 fusion_builder_column_2_3 2_3 fusion-flex-column\"><div class=\"fusion-column-wrapper fusion-flex-justify-content-flex-start fusion-content-layout-column\" style=\"background-position:left top;background-repeat:no-repeat;-webkit-background-size:cover;-moz-background-size:cover;-o-background-size:cover;background-size:cover;padding: 0px 0px 0px 0px;\"><style type=\"text\/css\">@media only screen and (max-width:800px) {.fusion-title.fusion-title-1{margin-top:0px!important; margin-right:0px!important;margin-bottom:30px!important;margin-left:0px!important;}}@media only screen and (max-width:640px) {.fusion-title.fusion-title-1{margin-top:0px!important; margin-right:0px!important;margin-bottom:20px!important; margin-left:0px!important;}}<\/style><div class=\"fusion-title title fusion-title-1 fusion-sep-none fusion-title-text fusion-title-size-two\" style=\"margin-top:0px;margin-right:0px;margin-bottom:30px;margin-left:0px;\"><h2 class=\"title-heading-left fusion-responsive-typography-calculated\" style=\"margin:0;--fontSize:48;line-height:1.25;\">R\u00fcckblick<\/h2><\/div><div class=\"fusion-text fusion-text-1\"><div class=\"relative\">\n<div class=\"prose text-pretty dark:prose-invert inline leading-normal break-words min-w-0 &#091;word-break:break-word&#093;\">\n<p class=\"my-0\"><strong>Was f\u00fcr ein Tag!<\/strong> Am 29. Juni haben wir in Baierbrunn die Gartent\u00fcr weit aufgesto\u00dfen \u2013 und unser Paradies mit euch geteilt. Das Interesse war riesig: Von Gartenfans \u00fcber Tiny-House-Interessierte bis zu interessierten Nachbar*innen \u2013 unser Gemeinschaftsgarten und das Tiny House \u201eDaHome\u201c waren den ganzen Tag \u00fcber gut besucht.<\/p>\n<\/div>\n<\/div>\n<\/div><\/div><style type=\"text\/css\">.fusion-body .fusion-builder-column-0{width:66.666666666667% !important;margin-top : 0px;margin-bottom : 20px;}.fusion-builder-column-0 > .fusion-column-wrapper {padding-top : 0px !important;padding-right : 0px !important;margin-right : 2.88%;padding-bottom : 0px !important;padding-left : 0px !important;margin-left : 2.88%;}@media only screen and (max-width:800px) {.fusion-body .fusion-builder-column-0{width:100% !important;order : 0;}.fusion-builder-column-0 > .fusion-column-wrapper {margin-right : 1.92%;margin-left : 1.92%;}}@media only screen and (max-width:640px) {.fusion-body .fusion-builder-column-0{width:100% !important;order : 0;}.fusion-builder-column-0 > .fusion-column-wrapper {margin-right : 1.92%;margin-left : 1.92%;}}<\/style><\/div><div class=\"fusion-layout-column fusion_builder_column fusion-builder-column-1 fusion_builder_column_1_3 1_3 fusion-flex-column\"><div class=\"fusion-column-wrapper fusion-flex-justify-content-flex-start fusion-content-layout-column\" style=\"background-position:left top;background-repeat:no-repeat;-webkit-background-size:cover;-moz-background-size:cover;-o-background-size:cover;background-size:cover;padding: 0px 0px 0px 0px;\"><div ><span class=\" fusion-imageframe imageframe-none imageframe-1 hover-type-none\"><img decoding=\"async\" width=\"1600\" height=\"1200\" title=\"tag-der-offenen-gartentuer-tiny-pop_up-muenchen-felicia-rief\" src=\"https:\/\/i0.wp.com\/tinypopup.de\/wp-content\/uploads\/2025\/07\/tag-der-offenen-gartentuer-tiny-pop_up-muenchen-felicia-rief.jpeg?fit=1600%2C1200&ssl=1\" data-orig-src=\"https:\/\/tinypopup.de\/wp-content\/uploads\/2025\/07\/tag-der-offenen-gartentuer-tiny-pop_up-muenchen-felicia-rief.jpeg\" alt class=\"lazyload img-responsive wp-image-4892\" srcset=\"data:image\/svg+xml,%3Csvg%20xmlns%3D%27http%3A%2F%2Fwww.w3.org%2F2000%2Fsvg%27%20width%3D%271600%27%20height%3D%271200%27%20viewBox%3D%270%200%201600%201200%27%3E%3Crect%20width%3D%271600%27%20height%3D%271200%27%20fill-opacity%3D%220%22%2F%3E%3C%2Fsvg%3E\" data-srcset=\"https:\/\/i0.wp.com\/tinypopup.de\/wp-content\/uploads\/2025\/07\/tag-der-offenen-gartentuer-tiny-pop_up-muenchen-felicia-rief.jpeg?resize=200%2C150&amp;ssl=1 200w, https:\/\/i0.wp.com\/tinypopup.de\/wp-content\/uploads\/2025\/07\/tag-der-offenen-gartentuer-tiny-pop_up-muenchen-felicia-rief.jpeg?resize=300%2C225&amp;ssl=1 300w, https:\/\/i0.wp.com\/tinypopup.de\/wp-content\/uploads\/2025\/07\/tag-der-offenen-gartentuer-tiny-pop_up-muenchen-felicia-rief.jpeg?resize=400%2C300&amp;ssl=1 400w, https:\/\/i0.wp.com\/tinypopup.de\/wp-content\/uploads\/2025\/07\/tag-der-offenen-gartentuer-tiny-pop_up-muenchen-felicia-rief.jpeg?resize=600%2C450&amp;ssl=1 600w, https:\/\/i0.wp.com\/tinypopup.de\/wp-content\/uploads\/2025\/07\/tag-der-offenen-gartentuer-tiny-pop_up-muenchen-felicia-rief.jpeg?resize=768%2C576&amp;ssl=1 768w, https:\/\/i0.wp.com\/tinypopup.de\/wp-content\/uploads\/2025\/07\/tag-der-offenen-gartentuer-tiny-pop_up-muenchen-felicia-rief.jpeg?resize=800%2C600&amp;ssl=1 800w, https:\/\/i0.wp.com\/tinypopup.de\/wp-content\/uploads\/2025\/07\/tag-der-offenen-gartentuer-tiny-pop_up-muenchen-felicia-rief.jpeg?resize=1024%2C768&amp;ssl=1 1024w, https:\/\/i0.wp.com\/tinypopup.de\/wp-content\/uploads\/2025\/07\/tag-der-offenen-gartentuer-tiny-pop_up-muenchen-felicia-rief.jpeg?resize=1200%2C900&amp;ssl=1 1200w, https:\/\/i0.wp.com\/tinypopup.de\/wp-content\/uploads\/2025\/07\/tag-der-offenen-gartentuer-tiny-pop_up-muenchen-felicia-rief.jpeg?resize=1536%2C1152&amp;ssl=1 1536w, https:\/\/i0.wp.com\/tinypopup.de\/wp-content\/uploads\/2025\/07\/tag-der-offenen-gartentuer-tiny-pop_up-muenchen-felicia-rief.jpeg?w=1600&amp;ssl=1 1600w\" data-sizes=\"auto\" data-orig-sizes=\"(max-width: 800px) 100vw, (max-width: 640px) 100vw, 400px\" \/><\/span><\/div><\/div><style type=\"text\/css\">.fusion-body .fusion-builder-column-1{width:33.333333333333% !important;margin-top : 0px;margin-bottom : 20px;}.fusion-builder-column-1 > .fusion-column-wrapper {padding-top : 0px !important;padding-right : 0px !important;margin-right : 5.76%;padding-bottom : 0px !important;padding-left : 0px !important;margin-left : 5.76%;}@media only screen and (max-width:800px) {.fusion-body .fusion-builder-column-1{width:100% !important;order : 0;}.fusion-builder-column-1 > .fusion-column-wrapper {margin-right : 1.92%;margin-left : 1.92%;}}@media only screen and (max-width:640px) {.fusion-body .fusion-builder-column-1{width:100% !important;order : 0;}.fusion-builder-column-1 > .fusion-column-wrapper {margin-right : 1.92%;margin-left : 1.92%;}}<\/style><\/div><div class=\"fusion-layout-column fusion_builder_column fusion-builder-column-2 fusion_builder_column_1_1 1_1 fusion-flex-column\"><div class=\"fusion-column-wrapper fusion-flex-justify-content-flex-start fusion-content-layout-column\" style=\"background-position:left top;background-repeat:no-repeat;-webkit-background-size:cover;-moz-background-size:cover;-o-background-size:cover;background-size:cover;padding: 0px 0px 0px 0px;\"><\/div><style type=\"text\/css\">.fusion-body .fusion-builder-column-2{width:100% !important;margin-top : 0px;margin-bottom : 20px;}.fusion-builder-column-2 > .fusion-column-wrapper {padding-top : 0px !important;padding-right : 0px !important;margin-right : 1.92%;padding-bottom : 0px !important;padding-left : 0px !important;margin-left : 1.92%;}@media only screen and (max-width:800px) {.fusion-body .fusion-builder-column-2{width:100% !important;order : 0;}.fusion-builder-column-2 > .fusion-column-wrapper {margin-right : 1.92%;margin-left : 1.92%;}}@media only screen and (max-width:640px) {.fusion-body .fusion-builder-column-2{width:100% !important;order : 0;}.fusion-builder-column-2 > .fusion-column-wrapper {margin-right : 1.92%;margin-left : 1.92%;}}<\/style><\/div><div class=\"fusion-layout-column fusion_builder_column fusion-builder-column-3 fusion_builder_column_1_3 1_3 fusion-flex-column\"><div class=\"fusion-column-wrapper fusion-flex-justify-content-flex-start fusion-content-layout-column\" style=\"background-position:left top;background-repeat:no-repeat;-webkit-background-size:cover;-moz-background-size:cover;-o-background-size:cover;background-size:cover;padding: 0px 0px 0px 0px;\"><div ><span class=\" fusion-imageframe imageframe-none imageframe-2 hover-type-none\"><img decoding=\"async\" width=\"2000\" height=\"1500\" title=\"tag-der-offenen-gartentuer-tiny-pop_up-muenchen-eroeffnung\" src=\"https:\/\/i0.wp.com\/tinypopup.de\/wp-content\/uploads\/2025\/07\/tag-der-offenen-gartentuer-tiny-pop_up-muenchen-eroeffnung.jpeg?fit=2000%2C1500&ssl=1\" data-orig-src=\"https:\/\/tinypopup.de\/wp-content\/uploads\/2025\/07\/tag-der-offenen-gartentuer-tiny-pop_up-muenchen-eroeffnung.jpeg\" alt class=\"lazyload img-responsive wp-image-4903\" srcset=\"data:image\/svg+xml,%3Csvg%20xmlns%3D%27http%3A%2F%2Fwww.w3.org%2F2000%2Fsvg%27%20width%3D%272000%27%20height%3D%271500%27%20viewBox%3D%270%200%202000%201500%27%3E%3Crect%20width%3D%272000%27%20height%3D%271500%27%20fill-opacity%3D%220%22%2F%3E%3C%2Fsvg%3E\" data-srcset=\"https:\/\/i0.wp.com\/tinypopup.de\/wp-content\/uploads\/2025\/07\/tag-der-offenen-gartentuer-tiny-pop_up-muenchen-eroeffnung.jpeg?resize=200%2C150&amp;ssl=1 200w, https:\/\/i0.wp.com\/tinypopup.de\/wp-content\/uploads\/2025\/07\/tag-der-offenen-gartentuer-tiny-pop_up-muenchen-eroeffnung.jpeg?resize=300%2C225&amp;ssl=1 300w, https:\/\/i0.wp.com\/tinypopup.de\/wp-content\/uploads\/2025\/07\/tag-der-offenen-gartentuer-tiny-pop_up-muenchen-eroeffnung.jpeg?resize=400%2C300&amp;ssl=1 400w, https:\/\/i0.wp.com\/tinypopup.de\/wp-content\/uploads\/2025\/07\/tag-der-offenen-gartentuer-tiny-pop_up-muenchen-eroeffnung.jpeg?resize=600%2C450&amp;ssl=1 600w, https:\/\/i0.wp.com\/tinypopup.de\/wp-content\/uploads\/2025\/07\/tag-der-offenen-gartentuer-tiny-pop_up-muenchen-eroeffnung.jpeg?resize=768%2C576&amp;ssl=1 768w, https:\/\/i0.wp.com\/tinypopup.de\/wp-content\/uploads\/2025\/07\/tag-der-offenen-gartentuer-tiny-pop_up-muenchen-eroeffnung.jpeg?resize=800%2C600&amp;ssl=1 800w, https:\/\/i0.wp.com\/tinypopup.de\/wp-content\/uploads\/2025\/07\/tag-der-offenen-gartentuer-tiny-pop_up-muenchen-eroeffnung.jpeg?resize=1024%2C768&amp;ssl=1 1024w, https:\/\/i0.wp.com\/tinypopup.de\/wp-content\/uploads\/2025\/07\/tag-der-offenen-gartentuer-tiny-pop_up-muenchen-eroeffnung.jpeg?resize=1200%2C900&amp;ssl=1 1200w, https:\/\/i0.wp.com\/tinypopup.de\/wp-content\/uploads\/2025\/07\/tag-der-offenen-gartentuer-tiny-pop_up-muenchen-eroeffnung.jpeg?resize=1536%2C1152&amp;ssl=1 1536w, https:\/\/i0.wp.com\/tinypopup.de\/wp-content\/uploads\/2025\/07\/tag-der-offenen-gartentuer-tiny-pop_up-muenchen-eroeffnung.jpeg?w=2000&amp;ssl=1 2000w\" data-sizes=\"auto\" data-orig-sizes=\"(max-width: 800px) 100vw, (max-width: 640px) 100vw, 400px\" \/><\/span><\/div><\/div><style type=\"text\/css\">.fusion-body .fusion-builder-column-3{width:33.333333333333% !important;margin-top : 0px;margin-bottom : 20px;}.fusion-builder-column-3 > .fusion-column-wrapper {padding-top : 0px !important;padding-right : 0px !important;margin-right : 5.76%;padding-bottom : 0px !important;padding-left : 0px !important;margin-left : 5.76%;}@media only screen and (max-width:800px) {.fusion-body .fusion-builder-column-3{width:100% !important;order : 0;}.fusion-builder-column-3 > .fusion-column-wrapper {margin-right : 1.92%;margin-left : 1.92%;}}@media only screen and (max-width:640px) {.fusion-body .fusion-builder-column-3{width:100% !important;order : 0;}.fusion-builder-column-3 > .fusion-column-wrapper {margin-right : 1.92%;margin-left : 1.92%;}}<\/style><\/div><div class=\"fusion-layout-column fusion_builder_column fusion-builder-column-4 fusion_builder_column_2_3 2_3 fusion-flex-column\"><div class=\"fusion-column-wrapper fusion-flex-justify-content-flex-start fusion-content-layout-column\" style=\"background-position:left top;background-repeat:no-repeat;-webkit-background-size:cover;-moz-background-size:cover;-o-background-size:cover;background-size:cover;padding: 0px 0px 0px 0px;\"><style type=\"text\/css\">@media only screen and (max-width:800px) {.fusion-title.fusion-title-2{margin-top:0px!important; margin-right:0px!important;margin-bottom:30px!important;margin-left:0px!important;}}@media only screen and (max-width:640px) {.fusion-title.fusion-title-2{margin-top:0px!important; margin-right:0px!important;margin-bottom:20px!important; margin-left:0px!important;}}<\/style><div class=\"fusion-title title fusion-title-2 fusion-sep-none fusion-title-text fusion-title-size-one\" style=\"margin-top:0px;margin-right:0px;margin-bottom:30px;margin-left:0px;\"><h1 class=\"title-heading-left fusion-responsive-typography-calculated\" style=\"margin:0;--fontSize:60;line-height:1.33;\"><h2>Er\u00f6ffnungsveranstaltung<\/h2><\/h1><\/div><div class=\"fusion-text fusion-text-2\"><p>P\u00fcnktlich um 10 Uhr startete die offizielle Er\u00f6ffnung. Nicht \u2013 wie urspr\u00fcnglich angek\u00fcndigt \u2013 mit Landrat Christoph G\u00f6bel, sondern vertreten durch den 3. B\u00fcrgermeister von Baierbrunn, Robert Gerb (Gr\u00fcne). Nach den Gru\u00dfworten ging es direkt los mit F\u00fchrungen durchs Tiny House und den Garten. Die Besucher*innen nutzten die Gelegenheit, Fragen zu stellen, sich inspirieren zu lassen und neue Ideen f\u00fcr den eigenen Garten zu sammeln.<\/p>\n<\/div><\/div><style type=\"text\/css\">.fusion-body .fusion-builder-column-4{width:66.666666666667% !important;margin-top : 0px;margin-bottom : 20px;}.fusion-builder-column-4 > .fusion-column-wrapper {padding-top : 0px !important;padding-right : 0px !important;margin-right : 2.88%;padding-bottom : 0px !important;padding-left : 0px !important;margin-left : 2.88%;}@media only screen and (max-width:800px) {.fusion-body .fusion-builder-column-4{width:100% !important;order : 0;}.fusion-builder-column-4 > .fusion-column-wrapper {margin-right : 1.92%;margin-left : 1.92%;}}@media only screen and (max-width:640px) {.fusion-body .fusion-builder-column-4{width:100% !important;order : 0;}.fusion-builder-column-4 > .fusion-column-wrapper {margin-right : 1.92%;margin-left : 1.92%;}}<\/style><\/div><div class=\"fusion-layout-column fusion_builder_column fusion-builder-column-5 fusion_builder_column_1_1 1_1 fusion-flex-column\"><div class=\"fusion-column-wrapper fusion-flex-justify-content-flex-start fusion-content-layout-column\" style=\"background-position:left top;background-repeat:no-repeat;-webkit-background-size:cover;-moz-background-size:cover;-o-background-size:cover;background-size:cover;padding: 0px 0px 0px 0px;\"><div class=\"fusion-separator fusion-full-width-sep\" style=\"align-self: center;margin-left: auto;margin-right: auto;width:100%;\"><\/div><style type=\"text\/css\">@media only screen and (max-width:800px) {.fusion-title.fusion-title-3{margin-top:0px!important; margin-right:0px!important;margin-bottom:30px!important;margin-left:0px!important;}}@media only screen and (max-width:640px) {.fusion-title.fusion-title-3{margin-top:0px!important; margin-right:0px!important;margin-bottom:20px!important; margin-left:0px!important;}}<\/style><div class=\"fusion-title title fusion-title-3 fusion-sep-none fusion-title-text fusion-title-size-one\" style=\"margin-top:0px;margin-right:0px;margin-bottom:30px;margin-left:0px;\"><h1 class=\"title-heading-left fusion-responsive-typography-calculated\" style=\"margin:0;--fontSize:60;line-height:1.33;\"><h2><\/h2>\n<h2>Highlights des Tages<\/h2><\/h1><\/div><div class=\"fusion-text fusion-text-3\"><ul>\n<li><strong>Gro\u00dfes Interesse:<\/strong> Zahlreiche G\u00e4ste aus der Region und ganz M\u00fcnchen waren vor Ort. Es wurde gefachsimpelt, gelacht und nat\u00fcrlich auch viel fotografiert.<\/li>\n<li><strong>Tiny House erleben:<\/strong> Viele nutzten die Chance, unser Tiny House zu besichtigen und sich \u00fcber nachhaltiges, ressourcenschonendes Wohnen zu informieren. Besonders die vertikale <a href=\"https:\/\/tinypopup.de\/tiny-house-muenchen\/nachhaltigkeit-und-ressourcenschonung\/greenwall\/\">Pflanzenkl\u00e4ranlage<\/a> und das Leben auf 18 Quadratmetern sorgten f\u00fcr Staunen \u2013 und viele Aha-Momente.<\/li>\n<li><strong>Gartenvielfalt entdecken:<\/strong> Schwerpunkt unseres Garten ist es, Lebensr\u00e4ume zu schaffen. Von Staudenbeeten zu Teich, \u00fcber Steinhaufen bis Benjes-Hecke und Hochbeeten mit Insektenhotel gab es jede Menge zu entdecken und zeigt, wie viel auf kleiner Fl\u00e4che m\u00f6glich ist. Auch der Gemeinschaftsgarten im vorderen Bereich mit Bildungsbeet und Bienenvolk ist ein echtes Gemeinschaftsprojekt und ein tolles Bl\u00fchwunder.<\/li>\n<li><strong>Kindergruppe vom Bund Naturschutz:<\/strong> Ein echtes Highlight \u2013 die Kids haben mit viel Herzblut leckere Johannisbeer-Getr\u00e4nke aus ihrem eigenen Bildungsbeet ausgeschenkt. Genau das Richtige bei den heissen Temperaturen; Erfrischend, regional und einfach k\u00f6stlich!<\/li>\n<\/ul>\n<\/div><div class=\"fusion-separator fusion-full-width-sep\" style=\"align-self: center;margin-left: auto;margin-right: auto;width:100%;\"><\/div><style type=\"text\/css\">.fusion-gallery-1 .fusion-gallery-image {border:0px solid #e2e2e2;}<\/style><div class=\"fusion-gallery fusion-gallery-container fusion-grid-5 fusion-columns-total-9 fusion-gallery-layout-masonry fusion-gallery-1\" style=\"margin:-5px;\"><div class=\"fusion-grid-column fusion-gallery-column fusion-gallery-column-5 hover-type-none fusion-grid-sizer\"><\/div><div style=\"padding:5px;\" class=\"fusion-grid-column fusion-gallery-column fusion-gallery-column-5 hover-type-none fusion-element-grid\"><div class=\"fusion-gallery-image\"><a href=\"https:\/\/i0.wp.com\/tinypopup.de\/wp-content\/uploads\/2025\/07\/tag-der-offenen-gartentuer-tiny-pop_up-muenchen-brennende-liebe.jpeg?fit=1200%2C1600&#038;ssl=1\" rel=\"noreferrer\" data-rel=\"iLightbox[gallery_image_1]\" class=\"fusion-lightbox\" target=\"_self\"><div style=\"padding-top:calc((100% + 10px) * 0.8 - 5px);\" class=\"fusion-masonry-element-container lazyload\" data-bg=\"https:\/\/i0.wp.com\/tinypopup.de\/wp-content\/uploads\/2025\/07\/tag-der-offenen-gartentuer-tiny-pop_up-muenchen-brennende-liebe.jpeg?fit=1200%2C1600&#038;ssl=1\"><img decoding=\"async\" src=\"https:\/\/i0.wp.com\/tinypopup.de\/wp-content\/uploads\/2025\/07\/tag-der-offenen-gartentuer-tiny-pop_up-muenchen-brennende-liebe.jpeg?fit=1200%2C1600&ssl=1\" data-orig-src=\"https:\/\/i0.wp.com\/tinypopup.de\/wp-content\/uploads\/2025\/07\/tag-der-offenen-gartentuer-tiny-pop_up-muenchen-brennende-liebe.jpeg?fit=1200%2C1600&#038;ssl=1\" width=\"1200\" height=\"1600\" alt=\"\" title=\"tag-der-offenen-gartentuer-tiny-pop_up-muenchen-brennende-liebe\" aria-label=\"tag-der-offenen-gartentuer-tiny-pop_up-muenchen-brennende-liebe\" class=\"lazyload img-responsive wp-image-4891\" srcset=\"data:image\/svg+xml,%3Csvg%20xmlns%3D%27http%3A%2F%2Fwww.w3.org%2F2000%2Fsvg%27%20width%3D%271200%27%20height%3D%271600%27%20viewBox%3D%270%200%201200%201600%27%3E%3Crect%20width%3D%271200%27%20height%3D%271600%27%20fill-opacity%3D%220%22%2F%3E%3C%2Fsvg%3E\" data-srcset=\"https:\/\/i0.wp.com\/tinypopup.de\/wp-content\/uploads\/2025\/07\/tag-der-offenen-gartentuer-tiny-pop_up-muenchen-brennende-liebe.jpeg?resize=200%2C267&amp;ssl=1 200w, https:\/\/i0.wp.com\/tinypopup.de\/wp-content\/uploads\/2025\/07\/tag-der-offenen-gartentuer-tiny-pop_up-muenchen-brennende-liebe.jpeg?resize=225%2C300&amp;ssl=1 225w, https:\/\/i0.wp.com\/tinypopup.de\/wp-content\/uploads\/2025\/07\/tag-der-offenen-gartentuer-tiny-pop_up-muenchen-brennende-liebe.jpeg?resize=400%2C533&amp;ssl=1 400w, https:\/\/i0.wp.com\/tinypopup.de\/wp-content\/uploads\/2025\/07\/tag-der-offenen-gartentuer-tiny-pop_up-muenchen-brennende-liebe.jpeg?resize=600%2C800&amp;ssl=1 600w, https:\/\/i0.wp.com\/tinypopup.de\/wp-content\/uploads\/2025\/07\/tag-der-offenen-gartentuer-tiny-pop_up-muenchen-brennende-liebe.jpeg?resize=768%2C1024&amp;ssl=1 768w, https:\/\/i0.wp.com\/tinypopup.de\/wp-content\/uploads\/2025\/07\/tag-der-offenen-gartentuer-tiny-pop_up-muenchen-brennende-liebe.jpeg?resize=800%2C1067&amp;ssl=1 800w, https:\/\/i0.wp.com\/tinypopup.de\/wp-content\/uploads\/2025\/07\/tag-der-offenen-gartentuer-tiny-pop_up-muenchen-brennende-liebe.jpeg?resize=1152%2C1536&amp;ssl=1 1152w, https:\/\/i0.wp.com\/tinypopup.de\/wp-content\/uploads\/2025\/07\/tag-der-offenen-gartentuer-tiny-pop_up-muenchen-brennende-liebe.jpeg?fit=1200%2C1600&amp;ssl=1 1200w\" data-sizes=\"auto\" data-orig-sizes=\"(min-width: 2200px) 100vw, (min-width: 1007px) 230px, (min-width: 915px) 288px, (min-width: 824px) 383px, (min-width: 732px) 575px, (min-width: 640px) 732px, \" \/><\/div><\/a><\/div><\/div><div style=\"padding:5px;\" class=\"fusion-grid-column fusion-gallery-column fusion-gallery-column-5 hover-type-none fusion-element-grid\"><div class=\"fusion-gallery-image\"><a href=\"https:\/\/i0.wp.com\/tinypopup.de\/wp-content\/uploads\/2025\/07\/tag-der-offenen-gartentuer-tiny-pop_up-muenchen-felicia-rief.jpeg?fit=1600%2C1200&#038;ssl=1\" rel=\"noreferrer\" data-rel=\"iLightbox[gallery_image_1]\" class=\"fusion-lightbox\" target=\"_self\"><div style=\"padding-top:calc((100% + 10px) * 0.8 - 5px);\" class=\"fusion-masonry-element-container lazyload\" data-bg=\"https:\/\/i0.wp.com\/tinypopup.de\/wp-content\/uploads\/2025\/07\/tag-der-offenen-gartentuer-tiny-pop_up-muenchen-felicia-rief.jpeg?fit=1600%2C1200&#038;ssl=1\"><img decoding=\"async\" src=\"https:\/\/i0.wp.com\/tinypopup.de\/wp-content\/uploads\/2025\/07\/tag-der-offenen-gartentuer-tiny-pop_up-muenchen-felicia-rief.jpeg?fit=1600%2C1200&ssl=1\" data-orig-src=\"https:\/\/i0.wp.com\/tinypopup.de\/wp-content\/uploads\/2025\/07\/tag-der-offenen-gartentuer-tiny-pop_up-muenchen-felicia-rief.jpeg?fit=1600%2C1200&#038;ssl=1\" width=\"1600\" height=\"1200\" alt=\"\" title=\"tag-der-offenen-gartentuer-tiny-pop_up-muenchen-felicia-rief\" aria-label=\"tag-der-offenen-gartentuer-tiny-pop_up-muenchen-felicia-rief\" class=\"lazyload img-responsive wp-image-4892\" srcset=\"data:image\/svg+xml,%3Csvg%20xmlns%3D%27http%3A%2F%2Fwww.w3.org%2F2000%2Fsvg%27%20width%3D%271600%27%20height%3D%271200%27%20viewBox%3D%270%200%201600%201200%27%3E%3Crect%20width%3D%271600%27%20height%3D%271200%27%20fill-opacity%3D%220%22%2F%3E%3C%2Fsvg%3E\" data-srcset=\"https:\/\/i0.wp.com\/tinypopup.de\/wp-content\/uploads\/2025\/07\/tag-der-offenen-gartentuer-tiny-pop_up-muenchen-felicia-rief.jpeg?resize=200%2C150&amp;ssl=1 200w, https:\/\/i0.wp.com\/tinypopup.de\/wp-content\/uploads\/2025\/07\/tag-der-offenen-gartentuer-tiny-pop_up-muenchen-felicia-rief.jpeg?resize=300%2C225&amp;ssl=1 300w, https:\/\/i0.wp.com\/tinypopup.de\/wp-content\/uploads\/2025\/07\/tag-der-offenen-gartentuer-tiny-pop_up-muenchen-felicia-rief.jpeg?resize=400%2C300&amp;ssl=1 400w, https:\/\/i0.wp.com\/tinypopup.de\/wp-content\/uploads\/2025\/07\/tag-der-offenen-gartentuer-tiny-pop_up-muenchen-felicia-rief.jpeg?resize=600%2C450&amp;ssl=1 600w, https:\/\/i0.wp.com\/tinypopup.de\/wp-content\/uploads\/2025\/07\/tag-der-offenen-gartentuer-tiny-pop_up-muenchen-felicia-rief.jpeg?resize=768%2C576&amp;ssl=1 768w, https:\/\/i0.wp.com\/tinypopup.de\/wp-content\/uploads\/2025\/07\/tag-der-offenen-gartentuer-tiny-pop_up-muenchen-felicia-rief.jpeg?resize=800%2C600&amp;ssl=1 800w, https:\/\/i0.wp.com\/tinypopup.de\/wp-content\/uploads\/2025\/07\/tag-der-offenen-gartentuer-tiny-pop_up-muenchen-felicia-rief.jpeg?resize=1024%2C768&amp;ssl=1 1024w, https:\/\/i0.wp.com\/tinypopup.de\/wp-content\/uploads\/2025\/07\/tag-der-offenen-gartentuer-tiny-pop_up-muenchen-felicia-rief.jpeg?resize=1200%2C900&amp;ssl=1 1200w, https:\/\/i0.wp.com\/tinypopup.de\/wp-content\/uploads\/2025\/07\/tag-der-offenen-gartentuer-tiny-pop_up-muenchen-felicia-rief.jpeg?resize=1536%2C1152&amp;ssl=1 1536w, https:\/\/i0.wp.com\/tinypopup.de\/wp-content\/uploads\/2025\/07\/tag-der-offenen-gartentuer-tiny-pop_up-muenchen-felicia-rief.jpeg?fit=1600%2C1200&amp;ssl=1 1600w\" data-sizes=\"auto\" data-orig-sizes=\"(min-width: 2200px) 100vw, (min-width: 1007px) 230px, (min-width: 915px) 288px, (min-width: 824px) 383px, (min-width: 732px) 575px, (min-width: 640px) 732px, \" \/><\/div><\/a><\/div><\/div><div style=\"padding:5px;\" class=\"fusion-grid-column fusion-gallery-column fusion-gallery-column-5 hover-type-none fusion-element-portrait\"><div class=\"fusion-gallery-image\"><a href=\"https:\/\/i0.wp.com\/tinypopup.de\/wp-content\/uploads\/2025\/07\/tag-der-offenen-gartentuer-tiny-pop_up-muenchen-green-wall-pflanzenklaeranlage-scaled.jpg?fit=1441%2C2560&#038;ssl=1\" rel=\"noreferrer\" data-rel=\"iLightbox[gallery_image_1]\" class=\"fusion-lightbox\" target=\"_self\"><div style=\"padding-top:calc((100% + 10px) * 1.6);\" class=\"fusion-masonry-element-container lazyload\" data-bg=\"https:\/\/i0.wp.com\/tinypopup.de\/wp-content\/uploads\/2025\/07\/tag-der-offenen-gartentuer-tiny-pop_up-muenchen-green-wall-pflanzenklaeranlage-scaled.jpg?fit=1441%2C2560&#038;ssl=1\"><img decoding=\"async\" src=\"https:\/\/i0.wp.com\/tinypopup.de\/wp-content\/uploads\/2025\/07\/tag-der-offenen-gartentuer-tiny-pop_up-muenchen-green-wall-pflanzenklaeranlage-scaled.jpg?fit=1441%2C2560&ssl=1\" data-orig-src=\"https:\/\/i0.wp.com\/tinypopup.de\/wp-content\/uploads\/2025\/07\/tag-der-offenen-gartentuer-tiny-pop_up-muenchen-green-wall-pflanzenklaeranlage-scaled.jpg?fit=1441%2C2560&#038;ssl=1\" width=\"1441\" height=\"2560\" alt=\"\" title=\"tag-der-offenen-gartentuer-tiny-pop_up-muenchen-green-wall-pflanzenklaeranlage\" aria-label=\"tag-der-offenen-gartentuer-tiny-pop_up-muenchen-green-wall-pflanzenklaeranlage\" class=\"lazyload img-responsive wp-image-4893\" srcset=\"data:image\/svg+xml,%3Csvg%20xmlns%3D%27http%3A%2F%2Fwww.w3.org%2F2000%2Fsvg%27%20width%3D%271441%27%20height%3D%272560%27%20viewBox%3D%270%200%201441%202560%27%3E%3Crect%20width%3D%271441%27%20height%3D%272560%27%20fill-opacity%3D%220%22%2F%3E%3C%2Fsvg%3E\" data-srcset=\"https:\/\/i0.wp.com\/tinypopup.de\/wp-content\/uploads\/2025\/07\/tag-der-offenen-gartentuer-tiny-pop_up-muenchen-green-wall-pflanzenklaeranlage-scaled.jpg?resize=169%2C300&amp;ssl=1 169w, https:\/\/i0.wp.com\/tinypopup.de\/wp-content\/uploads\/2025\/07\/tag-der-offenen-gartentuer-tiny-pop_up-muenchen-green-wall-pflanzenklaeranlage-scaled.jpg?resize=200%2C355&amp;ssl=1 200w, https:\/\/i0.wp.com\/tinypopup.de\/wp-content\/uploads\/2025\/07\/tag-der-offenen-gartentuer-tiny-pop_up-muenchen-green-wall-pflanzenklaeranlage-scaled.jpg?resize=400%2C710&amp;ssl=1 400w, https:\/\/i0.wp.com\/tinypopup.de\/wp-content\/uploads\/2025\/07\/tag-der-offenen-gartentuer-tiny-pop_up-muenchen-green-wall-pflanzenklaeranlage-scaled.jpg?resize=577%2C1024&amp;ssl=1 577w, https:\/\/i0.wp.com\/tinypopup.de\/wp-content\/uploads\/2025\/07\/tag-der-offenen-gartentuer-tiny-pop_up-muenchen-green-wall-pflanzenklaeranlage-scaled.jpg?resize=600%2C1066&amp;ssl=1 600w, https:\/\/i0.wp.com\/tinypopup.de\/wp-content\/uploads\/2025\/07\/tag-der-offenen-gartentuer-tiny-pop_up-muenchen-green-wall-pflanzenklaeranlage-scaled.jpg?resize=768%2C1364&amp;ssl=1 768w, https:\/\/i0.wp.com\/tinypopup.de\/wp-content\/uploads\/2025\/07\/tag-der-offenen-gartentuer-tiny-pop_up-muenchen-green-wall-pflanzenklaeranlage-scaled.jpg?resize=800%2C1421&amp;ssl=1 800w, https:\/\/i0.wp.com\/tinypopup.de\/wp-content\/uploads\/2025\/07\/tag-der-offenen-gartentuer-tiny-pop_up-muenchen-green-wall-pflanzenklaeranlage-scaled.jpg?resize=865%2C1536&amp;ssl=1 865w, https:\/\/i0.wp.com\/tinypopup.de\/wp-content\/uploads\/2025\/07\/tag-der-offenen-gartentuer-tiny-pop_up-muenchen-green-wall-pflanzenklaeranlage-scaled.jpg?resize=1153%2C2048&amp;ssl=1 1153w, https:\/\/i0.wp.com\/tinypopup.de\/wp-content\/uploads\/2025\/07\/tag-der-offenen-gartentuer-tiny-pop_up-muenchen-green-wall-pflanzenklaeranlage-scaled.jpg?resize=1200%2C2131&amp;ssl=1 1200w, https:\/\/i0.wp.com\/tinypopup.de\/wp-content\/uploads\/2025\/07\/tag-der-offenen-gartentuer-tiny-pop_up-muenchen-green-wall-pflanzenklaeranlage-scaled.jpg?fit=1441%2C2560&amp;ssl=1 1441w\" data-sizes=\"auto\" data-orig-sizes=\"(min-width: 2200px) 100vw, (min-width: 1007px) 230px, (min-width: 915px) 288px, (min-width: 824px) 383px, (min-width: 732px) 575px, (min-width: 640px) 732px, \" \/><\/div><\/a><\/div><\/div><div style=\"padding:5px;\" class=\"fusion-grid-column fusion-gallery-column fusion-gallery-column-5 hover-type-none fusion-element-portrait\"><div class=\"fusion-gallery-image\"><a href=\"https:\/\/i0.wp.com\/tinypopup.de\/wp-content\/uploads\/2025\/07\/tag-der-offenen-gartentuer-tiny-pop_up-muenchen-robert-gerb-scaled.jpg?fit=1441%2C2560&#038;ssl=1\" rel=\"noreferrer\" data-rel=\"iLightbox[gallery_image_1]\" class=\"fusion-lightbox\" target=\"_self\"><div style=\"padding-top:calc((100% + 10px) * 1.6);\" class=\"fusion-masonry-element-container lazyload\" data-bg=\"https:\/\/i0.wp.com\/tinypopup.de\/wp-content\/uploads\/2025\/07\/tag-der-offenen-gartentuer-tiny-pop_up-muenchen-robert-gerb-scaled.jpg?fit=1441%2C2560&#038;ssl=1\"><img decoding=\"async\" src=\"https:\/\/i0.wp.com\/tinypopup.de\/wp-content\/uploads\/2025\/07\/tag-der-offenen-gartentuer-tiny-pop_up-muenchen-robert-gerb-scaled.jpg?fit=1441%2C2560&ssl=1\" data-orig-src=\"https:\/\/i0.wp.com\/tinypopup.de\/wp-content\/uploads\/2025\/07\/tag-der-offenen-gartentuer-tiny-pop_up-muenchen-robert-gerb-scaled.jpg?fit=1441%2C2560&#038;ssl=1\" width=\"1441\" height=\"2560\" alt=\"\" title=\"tag-der-offenen-gartentuer-tiny-pop_up-muenchen-robert-gerb\" aria-label=\"tag-der-offenen-gartentuer-tiny-pop_up-muenchen-robert-gerb\" class=\"lazyload img-responsive wp-image-4894\" srcset=\"data:image\/svg+xml,%3Csvg%20xmlns%3D%27http%3A%2F%2Fwww.w3.org%2F2000%2Fsvg%27%20width%3D%271441%27%20height%3D%272560%27%20viewBox%3D%270%200%201441%202560%27%3E%3Crect%20width%3D%271441%27%20height%3D%272560%27%20fill-opacity%3D%220%22%2F%3E%3C%2Fsvg%3E\" data-srcset=\"https:\/\/i0.wp.com\/tinypopup.de\/wp-content\/uploads\/2025\/07\/tag-der-offenen-gartentuer-tiny-pop_up-muenchen-robert-gerb-scaled.jpg?resize=169%2C300&amp;ssl=1 169w, https:\/\/i0.wp.com\/tinypopup.de\/wp-content\/uploads\/2025\/07\/tag-der-offenen-gartentuer-tiny-pop_up-muenchen-robert-gerb-scaled.jpg?resize=200%2C355&amp;ssl=1 200w, https:\/\/i0.wp.com\/tinypopup.de\/wp-content\/uploads\/2025\/07\/tag-der-offenen-gartentuer-tiny-pop_up-muenchen-robert-gerb-scaled.jpg?resize=400%2C710&amp;ssl=1 400w, https:\/\/i0.wp.com\/tinypopup.de\/wp-content\/uploads\/2025\/07\/tag-der-offenen-gartentuer-tiny-pop_up-muenchen-robert-gerb-scaled.jpg?resize=577%2C1024&amp;ssl=1 577w, https:\/\/i0.wp.com\/tinypopup.de\/wp-content\/uploads\/2025\/07\/tag-der-offenen-gartentuer-tiny-pop_up-muenchen-robert-gerb-scaled.jpg?resize=600%2C1066&amp;ssl=1 600w, https:\/\/i0.wp.com\/tinypopup.de\/wp-content\/uploads\/2025\/07\/tag-der-offenen-gartentuer-tiny-pop_up-muenchen-robert-gerb-scaled.jpg?resize=768%2C1364&amp;ssl=1 768w, https:\/\/i0.wp.com\/tinypopup.de\/wp-content\/uploads\/2025\/07\/tag-der-offenen-gartentuer-tiny-pop_up-muenchen-robert-gerb-scaled.jpg?resize=800%2C1421&amp;ssl=1 800w, https:\/\/i0.wp.com\/tinypopup.de\/wp-content\/uploads\/2025\/07\/tag-der-offenen-gartentuer-tiny-pop_up-muenchen-robert-gerb-scaled.jpg?resize=865%2C1536&amp;ssl=1 865w, https:\/\/i0.wp.com\/tinypopup.de\/wp-content\/uploads\/2025\/07\/tag-der-offenen-gartentuer-tiny-pop_up-muenchen-robert-gerb-scaled.jpg?resize=1153%2C2048&amp;ssl=1 1153w, https:\/\/i0.wp.com\/tinypopup.de\/wp-content\/uploads\/2025\/07\/tag-der-offenen-gartentuer-tiny-pop_up-muenchen-robert-gerb-scaled.jpg?resize=1200%2C2131&amp;ssl=1 1200w, https:\/\/i0.wp.com\/tinypopup.de\/wp-content\/uploads\/2025\/07\/tag-der-offenen-gartentuer-tiny-pop_up-muenchen-robert-gerb-scaled.jpg?fit=1441%2C2560&amp;ssl=1 1441w\" data-sizes=\"auto\" data-orig-sizes=\"(min-width: 2200px) 100vw, (min-width: 1007px) 230px, (min-width: 915px) 288px, (min-width: 824px) 383px, (min-width: 732px) 575px, (min-width: 640px) 732px, \" \/><\/div><\/a><\/div><\/div><div style=\"padding:5px;\" class=\"fusion-grid-column fusion-gallery-column fusion-gallery-column-5 hover-type-none fusion-element-landscape\"><div class=\"fusion-gallery-image\"><a href=\"https:\/\/i0.wp.com\/tinypopup.de\/wp-content\/uploads\/2025\/07\/tag-der-offenen-gartentuer-tiny-pop_up-muenchen-tiny-house-fuehrung-scaled.jpg?fit=2560%2C1441&#038;ssl=1\" rel=\"noreferrer\" data-rel=\"iLightbox[gallery_image_1]\" class=\"fusion-lightbox\" target=\"_self\"><div style=\"padding-top:calc((100% + 10px) * 0.4 - 5px);\" class=\"fusion-masonry-element-container lazyload\" data-bg=\"https:\/\/i0.wp.com\/tinypopup.de\/wp-content\/uploads\/2025\/07\/tag-der-offenen-gartentuer-tiny-pop_up-muenchen-tiny-house-fuehrung-scaled.jpg?fit=2560%2C1441&#038;ssl=1\"><img decoding=\"async\" src=\"https:\/\/i0.wp.com\/tinypopup.de\/wp-content\/uploads\/2025\/07\/tag-der-offenen-gartentuer-tiny-pop_up-muenchen-tiny-house-fuehrung-scaled.jpg?fit=2560%2C1441&ssl=1\" data-orig-src=\"https:\/\/i0.wp.com\/tinypopup.de\/wp-content\/uploads\/2025\/07\/tag-der-offenen-gartentuer-tiny-pop_up-muenchen-tiny-house-fuehrung-scaled.jpg?fit=2560%2C1441&#038;ssl=1\" width=\"2560\" height=\"1441\" alt=\"\" title=\"tag-der-offenen-gartentuer-tiny-pop_up-muenchen-tiny-house-fuehrung\" aria-label=\"tag-der-offenen-gartentuer-tiny-pop_up-muenchen-tiny-house-fuehrung\" class=\"lazyload img-responsive wp-image-4895\" srcset=\"data:image\/svg+xml,%3Csvg%20xmlns%3D%27http%3A%2F%2Fwww.w3.org%2F2000%2Fsvg%27%20width%3D%272560%27%20height%3D%271441%27%20viewBox%3D%270%200%202560%201441%27%3E%3Crect%20width%3D%272560%27%20height%3D%271441%27%20fill-opacity%3D%220%22%2F%3E%3C%2Fsvg%3E\" data-srcset=\"https:\/\/i0.wp.com\/tinypopup.de\/wp-content\/uploads\/2025\/07\/tag-der-offenen-gartentuer-tiny-pop_up-muenchen-tiny-house-fuehrung-scaled.jpg?resize=200%2C113&amp;ssl=1 200w, https:\/\/i0.wp.com\/tinypopup.de\/wp-content\/uploads\/2025\/07\/tag-der-offenen-gartentuer-tiny-pop_up-muenchen-tiny-house-fuehrung-scaled.jpg?resize=300%2C169&amp;ssl=1 300w, https:\/\/i0.wp.com\/tinypopup.de\/wp-content\/uploads\/2025\/07\/tag-der-offenen-gartentuer-tiny-pop_up-muenchen-tiny-house-fuehrung-scaled.jpg?resize=400%2C225&amp;ssl=1 400w, https:\/\/i0.wp.com\/tinypopup.de\/wp-content\/uploads\/2025\/07\/tag-der-offenen-gartentuer-tiny-pop_up-muenchen-tiny-house-fuehrung-scaled.jpg?resize=600%2C338&amp;ssl=1 600w, https:\/\/i0.wp.com\/tinypopup.de\/wp-content\/uploads\/2025\/07\/tag-der-offenen-gartentuer-tiny-pop_up-muenchen-tiny-house-fuehrung-scaled.jpg?resize=768%2C432&amp;ssl=1 768w, https:\/\/i0.wp.com\/tinypopup.de\/wp-content\/uploads\/2025\/07\/tag-der-offenen-gartentuer-tiny-pop_up-muenchen-tiny-house-fuehrung-scaled.jpg?resize=800%2C450&amp;ssl=1 800w, https:\/\/i0.wp.com\/tinypopup.de\/wp-content\/uploads\/2025\/07\/tag-der-offenen-gartentuer-tiny-pop_up-muenchen-tiny-house-fuehrung-scaled.jpg?resize=1024%2C577&amp;ssl=1 1024w, https:\/\/i0.wp.com\/tinypopup.de\/wp-content\/uploads\/2025\/07\/tag-der-offenen-gartentuer-tiny-pop_up-muenchen-tiny-house-fuehrung-scaled.jpg?resize=1200%2C676&amp;ssl=1 1200w, https:\/\/i0.wp.com\/tinypopup.de\/wp-content\/uploads\/2025\/07\/tag-der-offenen-gartentuer-tiny-pop_up-muenchen-tiny-house-fuehrung-scaled.jpg?resize=1536%2C865&amp;ssl=1 1536w, https:\/\/i0.wp.com\/tinypopup.de\/wp-content\/uploads\/2025\/07\/tag-der-offenen-gartentuer-tiny-pop_up-muenchen-tiny-house-fuehrung-scaled.jpg?w=2340&amp;ssl=1 2340w, https:\/\/i0.wp.com\/tinypopup.de\/wp-content\/uploads\/2025\/07\/tag-der-offenen-gartentuer-tiny-pop_up-muenchen-tiny-house-fuehrung-scaled.jpg?fit=2560%2C1441&amp;ssl=1 2560w\" data-sizes=\"auto\" data-orig-sizes=\"(min-width: 2200px) 100vw, (min-width: 732px) 583px, (min-width: 640px) 732px, \" \/><\/div><\/a><\/div><\/div><div style=\"padding:5px;\" class=\"fusion-grid-column fusion-gallery-column fusion-gallery-column-5 hover-type-none fusion-element-landscape fusion-element-portrait\"><div class=\"fusion-gallery-image\"><a href=\"https:\/\/i0.wp.com\/tinypopup.de\/wp-content\/uploads\/2025\/07\/tag-der-offenen-gartentuer-tiny-pop_up-muenchen-tiny-house-scaled.jpeg?fit=2560%2C1920&#038;ssl=1\" rel=\"noreferrer\" data-rel=\"iLightbox[gallery_image_1]\" class=\"fusion-lightbox\" target=\"_self\"><div style=\"padding-top:calc((100% + 10px) * 0.8);\" class=\"fusion-masonry-element-container lazyload\" data-bg=\"https:\/\/i0.wp.com\/tinypopup.de\/wp-content\/uploads\/2025\/07\/tag-der-offenen-gartentuer-tiny-pop_up-muenchen-tiny-house-scaled.jpeg?fit=2560%2C1920&#038;ssl=1\"><img decoding=\"async\" src=\"https:\/\/i0.wp.com\/tinypopup.de\/wp-content\/uploads\/2025\/07\/tag-der-offenen-gartentuer-tiny-pop_up-muenchen-tiny-house-scaled.jpeg?fit=2560%2C1920&ssl=1\" data-orig-src=\"https:\/\/i0.wp.com\/tinypopup.de\/wp-content\/uploads\/2025\/07\/tag-der-offenen-gartentuer-tiny-pop_up-muenchen-tiny-house-scaled.jpeg?fit=2560%2C1920&#038;ssl=1\" width=\"2560\" height=\"1920\" alt=\"\" title=\"tag-der-offenen-gartentuer-tiny-pop_up-muenchen-tiny-house\" aria-label=\"tag-der-offenen-gartentuer-tiny-pop_up-muenchen-tiny-house\" class=\"lazyload img-responsive wp-image-4896\" srcset=\"data:image\/svg+xml,%3Csvg%20xmlns%3D%27http%3A%2F%2Fwww.w3.org%2F2000%2Fsvg%27%20width%3D%272560%27%20height%3D%271920%27%20viewBox%3D%270%200%202560%201920%27%3E%3Crect%20width%3D%272560%27%20height%3D%271920%27%20fill-opacity%3D%220%22%2F%3E%3C%2Fsvg%3E\" data-srcset=\"https:\/\/i0.wp.com\/tinypopup.de\/wp-content\/uploads\/2025\/07\/tag-der-offenen-gartentuer-tiny-pop_up-muenchen-tiny-house-scaled.jpeg?resize=200%2C150&amp;ssl=1 200w, https:\/\/i0.wp.com\/tinypopup.de\/wp-content\/uploads\/2025\/07\/tag-der-offenen-gartentuer-tiny-pop_up-muenchen-tiny-house-scaled.jpeg?resize=300%2C225&amp;ssl=1 300w, https:\/\/i0.wp.com\/tinypopup.de\/wp-content\/uploads\/2025\/07\/tag-der-offenen-gartentuer-tiny-pop_up-muenchen-tiny-house-scaled.jpeg?resize=400%2C300&amp;ssl=1 400w, https:\/\/i0.wp.com\/tinypopup.de\/wp-content\/uploads\/2025\/07\/tag-der-offenen-gartentuer-tiny-pop_up-muenchen-tiny-house-scaled.jpeg?resize=600%2C450&amp;ssl=1 600w, https:\/\/i0.wp.com\/tinypopup.de\/wp-content\/uploads\/2025\/07\/tag-der-offenen-gartentuer-tiny-pop_up-muenchen-tiny-house-scaled.jpeg?resize=768%2C576&amp;ssl=1 768w, https:\/\/i0.wp.com\/tinypopup.de\/wp-content\/uploads\/2025\/07\/tag-der-offenen-gartentuer-tiny-pop_up-muenchen-tiny-house-scaled.jpeg?resize=800%2C600&amp;ssl=1 800w, https:\/\/i0.wp.com\/tinypopup.de\/wp-content\/uploads\/2025\/07\/tag-der-offenen-gartentuer-tiny-pop_up-muenchen-tiny-house-scaled.jpeg?resize=1024%2C768&amp;ssl=1 1024w, https:\/\/i0.wp.com\/tinypopup.de\/wp-content\/uploads\/2025\/07\/tag-der-offenen-gartentuer-tiny-pop_up-muenchen-tiny-house-scaled.jpeg?resize=1200%2C900&amp;ssl=1 1200w, https:\/\/i0.wp.com\/tinypopup.de\/wp-content\/uploads\/2025\/07\/tag-der-offenen-gartentuer-tiny-pop_up-muenchen-tiny-house-scaled.jpeg?resize=1536%2C1152&amp;ssl=1 1536w, https:\/\/i0.wp.com\/tinypopup.de\/wp-content\/uploads\/2025\/07\/tag-der-offenen-gartentuer-tiny-pop_up-muenchen-tiny-house-scaled.jpeg?w=2340&amp;ssl=1 2340w, https:\/\/i0.wp.com\/tinypopup.de\/wp-content\/uploads\/2025\/07\/tag-der-offenen-gartentuer-tiny-pop_up-muenchen-tiny-house-scaled.jpeg?fit=2560%2C1920&amp;ssl=1 2560w\" data-sizes=\"auto\" data-orig-sizes=\"(min-width: 2200px) 100vw, (min-width: 732px) 583px, (min-width: 640px) 732px, \" \/><\/div><\/a><\/div><\/div><div style=\"padding:5px;\" class=\"fusion-grid-column fusion-gallery-column fusion-gallery-column-5 hover-type-none fusion-element-portrait\"><div class=\"fusion-gallery-image\"><a href=\"https:\/\/i0.wp.com\/tinypopup.de\/wp-content\/uploads\/2025\/07\/tag-der-offenen-gartentuer-tiny-pop_up-muenchen-tv-scaled.jpg?fit=1441%2C2560&#038;ssl=1\" rel=\"noreferrer\" data-rel=\"iLightbox[gallery_image_1]\" class=\"fusion-lightbox\" target=\"_self\"><div style=\"padding-top:calc((100% + 10px) * 1.6);\" class=\"fusion-masonry-element-container lazyload\" data-bg=\"https:\/\/i0.wp.com\/tinypopup.de\/wp-content\/uploads\/2025\/07\/tag-der-offenen-gartentuer-tiny-pop_up-muenchen-tv-scaled.jpg?fit=1441%2C2560&#038;ssl=1\"><img decoding=\"async\" src=\"https:\/\/i0.wp.com\/tinypopup.de\/wp-content\/uploads\/2025\/07\/tag-der-offenen-gartentuer-tiny-pop_up-muenchen-tv-scaled.jpg?fit=1441%2C2560&ssl=1\" data-orig-src=\"https:\/\/i0.wp.com\/tinypopup.de\/wp-content\/uploads\/2025\/07\/tag-der-offenen-gartentuer-tiny-pop_up-muenchen-tv-scaled.jpg?fit=1441%2C2560&#038;ssl=1\" width=\"1441\" height=\"2560\" alt=\"\" title=\"tag-der-offenen-gartentuer-tiny-pop_up-muenchen-tv\" aria-label=\"tag-der-offenen-gartentuer-tiny-pop_up-muenchen-tv\" class=\"lazyload img-responsive wp-image-4897\" srcset=\"data:image\/svg+xml,%3Csvg%20xmlns%3D%27http%3A%2F%2Fwww.w3.org%2F2000%2Fsvg%27%20width%3D%271441%27%20height%3D%272560%27%20viewBox%3D%270%200%201441%202560%27%3E%3Crect%20width%3D%271441%27%20height%3D%272560%27%20fill-opacity%3D%220%22%2F%3E%3C%2Fsvg%3E\" data-srcset=\"https:\/\/i0.wp.com\/tinypopup.de\/wp-content\/uploads\/2025\/07\/tag-der-offenen-gartentuer-tiny-pop_up-muenchen-tv-scaled.jpg?resize=169%2C300&amp;ssl=1 169w, https:\/\/i0.wp.com\/tinypopup.de\/wp-content\/uploads\/2025\/07\/tag-der-offenen-gartentuer-tiny-pop_up-muenchen-tv-scaled.jpg?resize=200%2C355&amp;ssl=1 200w, https:\/\/i0.wp.com\/tinypopup.de\/wp-content\/uploads\/2025\/07\/tag-der-offenen-gartentuer-tiny-pop_up-muenchen-tv-scaled.jpg?resize=400%2C710&amp;ssl=1 400w, https:\/\/i0.wp.com\/tinypopup.de\/wp-content\/uploads\/2025\/07\/tag-der-offenen-gartentuer-tiny-pop_up-muenchen-tv-scaled.jpg?resize=577%2C1024&amp;ssl=1 577w, https:\/\/i0.wp.com\/tinypopup.de\/wp-content\/uploads\/2025\/07\/tag-der-offenen-gartentuer-tiny-pop_up-muenchen-tv-scaled.jpg?resize=600%2C1066&amp;ssl=1 600w, https:\/\/i0.wp.com\/tinypopup.de\/wp-content\/uploads\/2025\/07\/tag-der-offenen-gartentuer-tiny-pop_up-muenchen-tv-scaled.jpg?resize=768%2C1364&amp;ssl=1 768w, https:\/\/i0.wp.com\/tinypopup.de\/wp-content\/uploads\/2025\/07\/tag-der-offenen-gartentuer-tiny-pop_up-muenchen-tv-scaled.jpg?resize=800%2C1421&amp;ssl=1 800w, https:\/\/i0.wp.com\/tinypopup.de\/wp-content\/uploads\/2025\/07\/tag-der-offenen-gartentuer-tiny-pop_up-muenchen-tv-scaled.jpg?resize=865%2C1536&amp;ssl=1 865w, https:\/\/i0.wp.com\/tinypopup.de\/wp-content\/uploads\/2025\/07\/tag-der-offenen-gartentuer-tiny-pop_up-muenchen-tv-scaled.jpg?resize=1153%2C2048&amp;ssl=1 1153w, https:\/\/i0.wp.com\/tinypopup.de\/wp-content\/uploads\/2025\/07\/tag-der-offenen-gartentuer-tiny-pop_up-muenchen-tv-scaled.jpg?resize=1200%2C2131&amp;ssl=1 1200w, https:\/\/i0.wp.com\/tinypopup.de\/wp-content\/uploads\/2025\/07\/tag-der-offenen-gartentuer-tiny-pop_up-muenchen-tv-scaled.jpg?fit=1441%2C2560&amp;ssl=1 1441w\" data-sizes=\"auto\" data-orig-sizes=\"(min-width: 2200px) 100vw, (min-width: 1007px) 230px, (min-width: 915px) 288px, (min-width: 824px) 383px, (min-width: 732px) 575px, (min-width: 640px) 732px, \" \/><\/div><\/a><\/div><\/div><div style=\"padding:5px;\" class=\"fusion-grid-column fusion-gallery-column fusion-gallery-column-5 hover-type-none fusion-element-portrait\"><div class=\"fusion-gallery-image\"><a href=\"https:\/\/i0.wp.com\/tinypopup.de\/wp-content\/uploads\/2025\/07\/tag-der-offenen-gartentuer-tiny-pop_up-muenchen-wegweiser-scaled.jpg?fit=1441%2C2560&#038;ssl=1\" rel=\"noreferrer\" data-rel=\"iLightbox[gallery_image_1]\" class=\"fusion-lightbox\" target=\"_self\"><div style=\"padding-top:calc((100% + 10px) * 1.6);\" class=\"fusion-masonry-element-container lazyload\" data-bg=\"https:\/\/i0.wp.com\/tinypopup.de\/wp-content\/uploads\/2025\/07\/tag-der-offenen-gartentuer-tiny-pop_up-muenchen-wegweiser-scaled.jpg?fit=1441%2C2560&#038;ssl=1\"><img decoding=\"async\" src=\"https:\/\/i0.wp.com\/tinypopup.de\/wp-content\/uploads\/2025\/07\/tag-der-offenen-gartentuer-tiny-pop_up-muenchen-wegweiser-scaled.jpg?fit=1441%2C2560&ssl=1\" data-orig-src=\"https:\/\/i0.wp.com\/tinypopup.de\/wp-content\/uploads\/2025\/07\/tag-der-offenen-gartentuer-tiny-pop_up-muenchen-wegweiser-scaled.jpg?fit=1441%2C2560&#038;ssl=1\" width=\"1441\" height=\"2560\" alt=\"\" title=\"tag-der-offenen-gartentuer-tiny-pop_up-muenchen-wegweiser\" aria-label=\"tag-der-offenen-gartentuer-tiny-pop_up-muenchen-wegweiser\" class=\"lazyload img-responsive wp-image-4898\" srcset=\"data:image\/svg+xml,%3Csvg%20xmlns%3D%27http%3A%2F%2Fwww.w3.org%2F2000%2Fsvg%27%20width%3D%271441%27%20height%3D%272560%27%20viewBox%3D%270%200%201441%202560%27%3E%3Crect%20width%3D%271441%27%20height%3D%272560%27%20fill-opacity%3D%220%22%2F%3E%3C%2Fsvg%3E\" data-srcset=\"https:\/\/i0.wp.com\/tinypopup.de\/wp-content\/uploads\/2025\/07\/tag-der-offenen-gartentuer-tiny-pop_up-muenchen-wegweiser-scaled.jpg?resize=169%2C300&amp;ssl=1 169w, https:\/\/i0.wp.com\/tinypopup.de\/wp-content\/uploads\/2025\/07\/tag-der-offenen-gartentuer-tiny-pop_up-muenchen-wegweiser-scaled.jpg?resize=200%2C355&amp;ssl=1 200w, https:\/\/i0.wp.com\/tinypopup.de\/wp-content\/uploads\/2025\/07\/tag-der-offenen-gartentuer-tiny-pop_up-muenchen-wegweiser-scaled.jpg?resize=400%2C710&amp;ssl=1 400w, https:\/\/i0.wp.com\/tinypopup.de\/wp-content\/uploads\/2025\/07\/tag-der-offenen-gartentuer-tiny-pop_up-muenchen-wegweiser-scaled.jpg?resize=577%2C1024&amp;ssl=1 577w, https:\/\/i0.wp.com\/tinypopup.de\/wp-content\/uploads\/2025\/07\/tag-der-offenen-gartentuer-tiny-pop_up-muenchen-wegweiser-scaled.jpg?resize=600%2C1066&amp;ssl=1 600w, https:\/\/i0.wp.com\/tinypopup.de\/wp-content\/uploads\/2025\/07\/tag-der-offenen-gartentuer-tiny-pop_up-muenchen-wegweiser-scaled.jpg?resize=768%2C1364&amp;ssl=1 768w, https:\/\/i0.wp.com\/tinypopup.de\/wp-content\/uploads\/2025\/07\/tag-der-offenen-gartentuer-tiny-pop_up-muenchen-wegweiser-scaled.jpg?resize=800%2C1421&amp;ssl=1 800w, https:\/\/i0.wp.com\/tinypopup.de\/wp-content\/uploads\/2025\/07\/tag-der-offenen-gartentuer-tiny-pop_up-muenchen-wegweiser-scaled.jpg?resize=865%2C1536&amp;ssl=1 865w, https:\/\/i0.wp.com\/tinypopup.de\/wp-content\/uploads\/2025\/07\/tag-der-offenen-gartentuer-tiny-pop_up-muenchen-wegweiser-scaled.jpg?resize=1153%2C2048&amp;ssl=1 1153w, https:\/\/i0.wp.com\/tinypopup.de\/wp-content\/uploads\/2025\/07\/tag-der-offenen-gartentuer-tiny-pop_up-muenchen-wegweiser-scaled.jpg?resize=1200%2C2131&amp;ssl=1 1200w, https:\/\/i0.wp.com\/tinypopup.de\/wp-content\/uploads\/2025\/07\/tag-der-offenen-gartentuer-tiny-pop_up-muenchen-wegweiser-scaled.jpg?fit=1441%2C2560&amp;ssl=1 1441w\" data-sizes=\"auto\" data-orig-sizes=\"(min-width: 2200px) 100vw, (min-width: 1007px) 230px, (min-width: 915px) 288px, (min-width: 824px) 383px, (min-width: 732px) 575px, (min-width: 640px) 732px, \" \/><\/div><\/a><\/div><\/div><div style=\"padding:5px;\" class=\"fusion-grid-column fusion-gallery-column fusion-gallery-column-5 hover-type-none fusion-element-landscape\"><div class=\"fusion-gallery-image\"><a href=\"https:\/\/i0.wp.com\/tinypopup.de\/wp-content\/uploads\/2025\/07\/tag-der-offenen-gartentuer-tiny-pop_up-muenchen-bund-naturschutz-kindergruppe-baierbrunn-scaled.jpg?fit=2560%2C1441&#038;ssl=1\" rel=\"noreferrer\" data-rel=\"iLightbox[gallery_image_1]\" class=\"fusion-lightbox\" target=\"_self\"><div style=\"padding-top:calc((100% + 10px) * 0.4 - 5px);\" class=\"fusion-masonry-element-container lazyload\" data-bg=\"https:\/\/i0.wp.com\/tinypopup.de\/wp-content\/uploads\/2025\/07\/tag-der-offenen-gartentuer-tiny-pop_up-muenchen-bund-naturschutz-kindergruppe-baierbrunn-scaled.jpg?fit=2560%2C1441&#038;ssl=1\"><img decoding=\"async\" src=\"https:\/\/i0.wp.com\/tinypopup.de\/wp-content\/uploads\/2025\/07\/tag-der-offenen-gartentuer-tiny-pop_up-muenchen-bund-naturschutz-kindergruppe-baierbrunn-scaled.jpg?fit=2560%2C1441&ssl=1\" data-orig-src=\"https:\/\/i0.wp.com\/tinypopup.de\/wp-content\/uploads\/2025\/07\/tag-der-offenen-gartentuer-tiny-pop_up-muenchen-bund-naturschutz-kindergruppe-baierbrunn-scaled.jpg?fit=2560%2C1441&#038;ssl=1\" width=\"2560\" height=\"1441\" alt=\"\" title=\"tag-der-offenen-gartentuer-tiny-pop_up-muenchen-bund-naturschutz-kindergruppe-baierbrunn\" aria-label=\"tag-der-offenen-gartentuer-tiny-pop_up-muenchen-bund-naturschutz-kindergruppe-baierbrunn\" class=\"lazyload img-responsive wp-image-4902\" srcset=\"data:image\/svg+xml,%3Csvg%20xmlns%3D%27http%3A%2F%2Fwww.w3.org%2F2000%2Fsvg%27%20width%3D%272560%27%20height%3D%271441%27%20viewBox%3D%270%200%202560%201441%27%3E%3Crect%20width%3D%272560%27%20height%3D%271441%27%20fill-opacity%3D%220%22%2F%3E%3C%2Fsvg%3E\" data-srcset=\"https:\/\/i0.wp.com\/tinypopup.de\/wp-content\/uploads\/2025\/07\/tag-der-offenen-gartentuer-tiny-pop_up-muenchen-bund-naturschutz-kindergruppe-baierbrunn-scaled.jpg?resize=200%2C113&amp;ssl=1 200w, https:\/\/i0.wp.com\/tinypopup.de\/wp-content\/uploads\/2025\/07\/tag-der-offenen-gartentuer-tiny-pop_up-muenchen-bund-naturschutz-kindergruppe-baierbrunn-scaled.jpg?resize=300%2C169&amp;ssl=1 300w, https:\/\/i0.wp.com\/tinypopup.de\/wp-content\/uploads\/2025\/07\/tag-der-offenen-gartentuer-tiny-pop_up-muenchen-bund-naturschutz-kindergruppe-baierbrunn-scaled.jpg?resize=400%2C225&amp;ssl=1 400w, https:\/\/i0.wp.com\/tinypopup.de\/wp-content\/uploads\/2025\/07\/tag-der-offenen-gartentuer-tiny-pop_up-muenchen-bund-naturschutz-kindergruppe-baierbrunn-scaled.jpg?resize=600%2C338&amp;ssl=1 600w, https:\/\/i0.wp.com\/tinypopup.de\/wp-content\/uploads\/2025\/07\/tag-der-offenen-gartentuer-tiny-pop_up-muenchen-bund-naturschutz-kindergruppe-baierbrunn-scaled.jpg?resize=768%2C432&amp;ssl=1 768w, https:\/\/i0.wp.com\/tinypopup.de\/wp-content\/uploads\/2025\/07\/tag-der-offenen-gartentuer-tiny-pop_up-muenchen-bund-naturschutz-kindergruppe-baierbrunn-scaled.jpg?resize=800%2C450&amp;ssl=1 800w, https:\/\/i0.wp.com\/tinypopup.de\/wp-content\/uploads\/2025\/07\/tag-der-offenen-gartentuer-tiny-pop_up-muenchen-bund-naturschutz-kindergruppe-baierbrunn-scaled.jpg?resize=1024%2C577&amp;ssl=1 1024w, https:\/\/i0.wp.com\/tinypopup.de\/wp-content\/uploads\/2025\/07\/tag-der-offenen-gartentuer-tiny-pop_up-muenchen-bund-naturschutz-kindergruppe-baierbrunn-scaled.jpg?resize=1200%2C676&amp;ssl=1 1200w, https:\/\/i0.wp.com\/tinypopup.de\/wp-content\/uploads\/2025\/07\/tag-der-offenen-gartentuer-tiny-pop_up-muenchen-bund-naturschutz-kindergruppe-baierbrunn-scaled.jpg?resize=1536%2C865&amp;ssl=1 1536w, https:\/\/i0.wp.com\/tinypopup.de\/wp-content\/uploads\/2025\/07\/tag-der-offenen-gartentuer-tiny-pop_up-muenchen-bund-naturschutz-kindergruppe-baierbrunn-scaled.jpg?w=2340&amp;ssl=1 2340w, https:\/\/i0.wp.com\/tinypopup.de\/wp-content\/uploads\/2025\/07\/tag-der-offenen-gartentuer-tiny-pop_up-muenchen-bund-naturschutz-kindergruppe-baierbrunn-scaled.jpg?fit=2560%2C1441&amp;ssl=1 2560w\" data-sizes=\"auto\" data-orig-sizes=\"(min-width: 2200px) 100vw, (min-width: 732px) 583px, (min-width: 640px) 732px, \" \/><\/div><\/a><\/div><\/div><\/div><div class=\"fusion-separator fusion-full-width-sep\" style=\"align-self: center;margin-left: auto;margin-right: auto;width:100%;\"><\/div><style type=\"text\/css\">@media only screen and (max-width:800px) {.fusion-title.fusion-title-4{margin-top:0px!important; margin-right:0px!important;margin-bottom:30px!important;margin-left:0px!important;}}@media only screen and (max-width:640px) {.fusion-title.fusion-title-4{margin-top:0px!important; margin-right:0px!important;margin-bottom:20px!important; margin-left:0px!important;}}<\/style><div class=\"fusion-title title fusion-title-4 fusion-sep-none fusion-title-text fusion-title-size-one\" style=\"margin-top:0px;margin-right:0px;margin-bottom:30px;margin-left:0px;\"><h1 class=\"title-heading-left fusion-responsive-typography-calculated\" style=\"margin:0;--fontSize:60;line-height:1.33;\"><h2><\/h2>\n<h2>Medien &amp; Berichterstattung<\/h2><\/h1><\/div><div class=\"fusion-text fusion-text-4\"><p><strong>Zeitungsartikel<\/strong>: Unser Tag der offenen Gartent\u00fcr hat es sogar in die Zeitung geschafft! Den Artikel werden wir hier baldm\u00f6glichst verlinken!<\/p>\n<\/div><div class=\"fusion-text fusion-text-5\"><p><strong>TV-Bericht:<\/strong> Auch das Fernsehen war da \u2013 schau dir den Beitrag von M\u00fcnchen TV an und erlebe den Tag noch einmal<\/p>\n<\/div><iframe class=\"fusion-hidden\" data-privacy-type=\"youtube\" src=\"\" width=\"560\" height=\"315\" data-privacy-src=\"https:\/\/www.youtube.com\/embed\/s_2t3X0_Oec?si=qPW9bufefTFprv7s\" title=\"YouTube video player\" frameborder=\"0\" allow=\"accelerometer; autoplay; clipboard-write; encrypted-media; gyroscope; picture-in-picture; web-share\" referrerpolicy=\"strict-origin-when-cross-origin\" allowfullscreen><\/iframe><div class=\"fusion-privacy-placeholder\" style=\"width:560px; height:315px;\" data-privacy-type=\"youtube\"><div class=\"fusion-privacy-placeholder-content\"><div class=\"fusion-privacy-label\">Aus datenschutzrechlichen Gr\u00fcnden ben\u00f6tigt YouTube Ihre Einwilligung um geladen zu werden. Mehr Informationen finden Sie unter <a class=\"privacy-policy-link\" href=\"https:\/\/tinypopup.de\/tiny-house-muenchen\/datenschutzerklaerung\/\" rel=\"privacy-policy\">Datenschutzerkl\u00e4rung<\/a>.<\/div><a href=\"\" data-privacy-type=\"youtube\" class=\"fusion-button button-default fusion-button-default-size button fusion-privacy-consent\">Akzeptieren<\/a><\/div><\/div><div ><style>.fusion-button.button-1{border-radius:0px 0px 0px 0px;}<\/style><a class=\"fusion-button button-flat fusion-button-default-size button-default button-1 fusion-button-default-span fusion-button-default-type\" target=\"_blank\" rel=\"noopener noreferrer\" href=\"https:\/\/www.muenchen.tv\/mediathek\/video\/blick-hinter-den-gartenzaun-beim-tag-der-offenen-gartentuer-kann-man-gruene-oasen-entdecken\/\"><span class=\"fusion-button-text\">Blick hinter den Gartenzaun \u2013 TV-Bericht<\/span><\/a><\/div><div class=\"fusion-separator fusion-full-width-sep\" style=\"align-self: center;margin-left: auto;margin-right: auto;width:100%;\"><\/div><style type=\"text\/css\">@media only screen and (max-width:800px) {.fusion-title.fusion-title-5{margin-top:0px!important; margin-right:0px!important;margin-bottom:30px!important;margin-left:0px!important;}}@media only screen and (max-width:640px) {.fusion-title.fusion-title-5{margin-top:0px!important; margin-right:0px!important;margin-bottom:20px!important; margin-left:0px!important;}}<\/style><div class=\"fusion-title title fusion-title-5 fusion-sep-none fusion-title-text fusion-title-size-one\" style=\"margin-top:0px;margin-right:0px;margin-bottom:30px;margin-left:0px;\"><h1 class=\"title-heading-left fusion-responsive-typography-calculated\" style=\"margin:0;--fontSize:60;line-height:1.33;\"><h2><\/h2>\n<h2>Stimmen &amp; Eindr\u00fccke<\/h2><\/h1><\/div><div class=\"fusion-text fusion-text-6\"><p>\u201eWer in die beiden G\u00e4rten eintaucht, merkt schnell: Hier geht es nicht nur um sch\u00f6ne Beete, sondern um Begegnung, Nachhaltigkeit und die Liebe zur Natur.\u201c<br \/>\nDie Besucher*innen waren begeistert von der Vielfalt, der entspannten Atmosph\u00e4re und den vielen M\u00f6glichkeiten, sich auszutauschen. Besonders das Tiny House und die nachhaltigen L\u00f6sungen f\u00fcr ein ressourcenschonendes Leben kamen super an.<\/p>\n<\/div><div class=\"fusion-separator fusion-full-width-sep\" style=\"align-self: center;margin-left: auto;margin-right: auto;width:100%;\"><\/div><style type=\"text\/css\">@media only screen and (max-width:800px) {.fusion-title.fusion-title-6{margin-top:0px!important; margin-right:0px!important;margin-bottom:30px!important;margin-left:0px!important;}}@media only screen and (max-width:640px) {.fusion-title.fusion-title-6{margin-top:0px!important; margin-right:0px!important;margin-bottom:20px!important; margin-left:0px!important;}}<\/style><div class=\"fusion-title title fusion-title-6 fusion-sep-none fusion-title-text fusion-title-size-one\" style=\"margin-top:0px;margin-right:0px;margin-bottom:30px;margin-left:0px;\"><h1 class=\"title-heading-left fusion-responsive-typography-calculated\" style=\"margin:0;--fontSize:60;line-height:1.33;\"><h2><\/h2>\n<h2>Danke an alle!<\/h2><\/h1><\/div><div class=\"fusion-text fusion-text-7\"><p>Ein riesiges Dankesch\u00f6n an alle Besucherinnen, Helferinnen und nat\u00fcrlich an die Kindergruppe vom Bund Naturschutz f\u00fcr die k\u00f6stlichen Getr\u00e4nke! Ihr habt diesen Tag zu etwas ganz Besonderem gemacht.<\/p>\n<p><strong>Lust auf mehr?<\/strong> Folge uns auf <a href=\"https:\/\/www.instagram.com\/tinypopupmunich\/\" target=\"_blank\" rel=\"noopener\">Instagram<\/a> f\u00fcr aktuelle Einblicke und zuk\u00fcnftige Events oder abonier unseren <a href=\"https:\/\/tinypopup.de\/tiny-house-muenchen\/newsletter\/\">Newsletter<\/a>.<\/p>\n<p><strong>Tag verpasst?<\/strong> N\u00e4chste Tiny House F\u00fchrung am Freitag, 11.7.25 <a href=\"https:\/\/tinypopup.de\/tiny-house-muenchen\/event\/klein-wohnen-und-die-17-ziele\/\">(klein) Wohnen und die 17 Ziele<\/a><\/p>\n<p>Wir freuen uns schon aufs n\u00e4chste Mal \u2013 und bis dahin: Bleibt neugierig, offen und ein bisschen tiny!<\/p>\n<\/div><\/div><style type=\"text\/css\">.fusion-body .fusion-builder-column-5{width:100% !important;margin-top : 0px;margin-bottom : 20px;}.fusion-builder-column-5 > .fusion-column-wrapper {padding-top : 0px !important;padding-right : 0px !important;margin-right : 1.92%;padding-bottom : 0px !important;padding-left : 0px !important;margin-left : 1.92%;}@media only screen and (max-width:800px) {.fusion-body .fusion-builder-column-5{width:100% !important;order : 0;}.fusion-builder-column-5 > .fusion-column-wrapper {margin-right : 1.92%;margin-left : 1.92%;}}@media only screen and (max-width:640px) {.fusion-body .fusion-builder-column-5{width:100% !important;order : 0;}.fusion-builder-column-5 > .fusion-column-wrapper {margin-right : 1.92%;margin-left : 1.92%;}}<\/style><\/div><div class=\"fusion-layout-column fusion_builder_column fusion-builder-column-6 fusion_builder_column_1_1 1_1 fusion-flex-column\"><div class=\"fusion-column-wrapper fusion-flex-justify-content-flex-start fusion-content-layout-column\" style=\"background-position:left top;background-repeat:no-repeat;-webkit-background-size:cover;-moz-background-size:cover;-o-background-size:cover;background-size:cover;padding: 0px 0px 0px 0px;\"><div class=\"fusion-separator fusion-full-width-sep\" style=\"align-self: center;margin-left: auto;margin-right: auto;width:100%;\"><\/div><\/div><style type=\"text\/css\">.fusion-body .fusion-builder-column-6{width:100% !important;margin-top : 0px;margin-bottom : 20px;}.fusion-builder-column-6 > .fusion-column-wrapper {padding-top : 0px !important;padding-right : 0px !important;margin-right : 1.92%;padding-bottom : 0px !important;padding-left : 0px !important;margin-left : 1.92%;}@media only screen and (max-width:800px) {.fusion-body .fusion-builder-column-6{width:100% !important;order : 0;}.fusion-builder-column-6 > .fusion-column-wrapper {margin-right : 1.92%;margin-left : 1.92%;}}@media only screen and (max-width:640px) {.fusion-body .fusion-builder-column-6{width:100% !important;order : 0;}.fusion-builder-column-6 > .fusion-column-wrapper {margin-right : 1.92%;margin-left : 1.92%;}}<\/style><\/div><div class=\"fusion-layout-column fusion_builder_column fusion-builder-column-7 fusion_builder_column_1_1 1_1 fusion-flex-column\"><div class=\"fusion-column-wrapper fusion-flex-justify-content-flex-start fusion-content-layout-column\" style=\"background-position:left top;background-repeat:no-repeat;-webkit-background-size:cover;-moz-background-size:cover;-o-background-size:cover;background-size:cover;background-color:#f6f6f6;padding: 0px 0px 0px 0px;\"><style type=\"text\/css\">@media only screen and (max-width:800px) {.fusion-title.fusion-title-7{margin-top:0px!important; margin-right:0px!important;margin-bottom:30px!important;margin-left:0px!important;}}@media only screen and (max-width:640px) {.fusion-title.fusion-title-7{margin-top:0px!important; margin-right:0px!important;margin-bottom:20px!important; margin-left:0px!important;}}<\/style><div class=\"fusion-title title fusion-title-7 fusion-sep-none fusion-title-center fusion-title-text fusion-title-size-three\" style=\"margin-top:0px;margin-right:0px;margin-bottom:30px;margin-left:0px;\"><h3 class=\"title-heading-center fusion-responsive-typography-calculated\" style=\"margin:0;--fontSize:22;--minFontSize:22px;line-height:1.91;\">SDG<\/h3><\/div><div class=\"fusion-text fusion-text-8\" style=\"margin-right:30px;margin-left:30px;\"><p>Dieser Beitrag unterst\u00fctzt folgende UN Nachhaltigkeitsziele:<\/p>\n<\/div><style type=\"text\/css\">.fusion-gallery-2 .fusion-gallery-image {border:0px solid #e2e2e2;}<\/style><div class=\"fusion-gallery fusion-gallery-container fusion-grid-4 fusion-columns-total-8 fusion-gallery-layout-grid fusion-gallery-2\" style=\"margin:-5px;\"><div style=\"padding:5px;\" class=\"fusion-grid-column fusion-gallery-column fusion-gallery-column-4 hover-type-none\"><div class=\"fusion-gallery-image\"><a href=\"https:\/\/i0.wp.com\/tinypopup.de\/wp-content\/uploads\/2022\/01\/SDG-icon-DE-04-1.jpg?fit=886%2C886&#038;ssl=1\" rel=\"noreferrer\" data-rel=\"iLightbox[gallery_image_2]\" class=\"fusion-lightbox\" target=\"_self\"><img decoding=\"async\" src=\"https:\/\/i0.wp.com\/tinypopup.de\/wp-content\/uploads\/2022\/01\/SDG-icon-DE-04-1.jpg?fit=886%2C886&ssl=1\" data-orig-src=\"https:\/\/i0.wp.com\/tinypopup.de\/wp-content\/uploads\/2022\/01\/SDG-icon-DE-04-1.jpg?fit=886%2C886&#038;ssl=1\" width=\"886\" height=\"886\" alt=\"\" title=\"SDG-icon-DE-04\" aria-label=\"SDG-icon-DE-04\" class=\"lazyload img-responsive wp-image-2072\" srcset=\"data:image\/svg+xml,%3Csvg%20xmlns%3D%27http%3A%2F%2Fwww.w3.org%2F2000%2Fsvg%27%20width%3D%27886%27%20height%3D%27886%27%20viewBox%3D%270%200%20886%20886%27%3E%3Crect%20width%3D%27886%27%20height%3D%27886%27%20fill-opacity%3D%220%22%2F%3E%3C%2Fsvg%3E\" data-srcset=\"https:\/\/i0.wp.com\/tinypopup.de\/wp-content\/uploads\/2022\/01\/SDG-icon-DE-04-1.jpg?resize=66%2C66&amp;ssl=1 66w, https:\/\/i0.wp.com\/tinypopup.de\/wp-content\/uploads\/2022\/01\/SDG-icon-DE-04-1.jpg?resize=150%2C150&amp;ssl=1 150w, https:\/\/i0.wp.com\/tinypopup.de\/wp-content\/uploads\/2022\/01\/SDG-icon-DE-04-1.jpg?resize=200%2C200&amp;ssl=1 200w, https:\/\/i0.wp.com\/tinypopup.de\/wp-content\/uploads\/2022\/01\/SDG-icon-DE-04-1.jpg?resize=300%2C300&amp;ssl=1 300w, https:\/\/i0.wp.com\/tinypopup.de\/wp-content\/uploads\/2022\/01\/SDG-icon-DE-04-1.jpg?resize=400%2C400&amp;ssl=1 400w, https:\/\/i0.wp.com\/tinypopup.de\/wp-content\/uploads\/2022\/01\/SDG-icon-DE-04-1.jpg?resize=600%2C600&amp;ssl=1 600w, https:\/\/i0.wp.com\/tinypopup.de\/wp-content\/uploads\/2022\/01\/SDG-icon-DE-04-1.jpg?resize=768%2C768&amp;ssl=1 768w, https:\/\/i0.wp.com\/tinypopup.de\/wp-content\/uploads\/2022\/01\/SDG-icon-DE-04-1.jpg?resize=800%2C800&amp;ssl=1 800w, https:\/\/i0.wp.com\/tinypopup.de\/wp-content\/uploads\/2022\/01\/SDG-icon-DE-04-1.jpg?fit=886%2C886&amp;ssl=1 886w\" data-sizes=\"auto\" data-orig-sizes=\"(min-width: 2200px) 100vw, (min-width: 915px) 289px, (min-width: 824px) 385px, (min-width: 732px) 578px, (min-width: 640px) 732px, \" \/><\/a><\/div><\/div><div style=\"padding:5px;\" class=\"fusion-grid-column fusion-gallery-column fusion-gallery-column-4 hover-type-none\"><div class=\"fusion-gallery-image\"><a href=\"https:\/\/i0.wp.com\/tinypopup.de\/wp-content\/uploads\/2022\/01\/SDG-icon-DE-06-1.jpg?fit=886%2C886&#038;ssl=1\" rel=\"noreferrer\" data-rel=\"iLightbox[gallery_image_2]\" class=\"fusion-lightbox\" target=\"_self\"><img decoding=\"async\" src=\"https:\/\/i0.wp.com\/tinypopup.de\/wp-content\/uploads\/2022\/01\/SDG-icon-DE-06-1.jpg?fit=886%2C886&ssl=1\" data-orig-src=\"https:\/\/i0.wp.com\/tinypopup.de\/wp-content\/uploads\/2022\/01\/SDG-icon-DE-06-1.jpg?fit=886%2C886&#038;ssl=1\" width=\"886\" height=\"886\" alt=\"\" title=\"SDG-icon-DE-06\" aria-label=\"SDG-icon-DE-06\" class=\"lazyload img-responsive wp-image-2074\" srcset=\"data:image\/svg+xml,%3Csvg%20xmlns%3D%27http%3A%2F%2Fwww.w3.org%2F2000%2Fsvg%27%20width%3D%27886%27%20height%3D%27886%27%20viewBox%3D%270%200%20886%20886%27%3E%3Crect%20width%3D%27886%27%20height%3D%27886%27%20fill-opacity%3D%220%22%2F%3E%3C%2Fsvg%3E\" data-srcset=\"https:\/\/i0.wp.com\/tinypopup.de\/wp-content\/uploads\/2022\/01\/SDG-icon-DE-06-1.jpg?resize=66%2C66&amp;ssl=1 66w, https:\/\/i0.wp.com\/tinypopup.de\/wp-content\/uploads\/2022\/01\/SDG-icon-DE-06-1.jpg?resize=150%2C150&amp;ssl=1 150w, https:\/\/i0.wp.com\/tinypopup.de\/wp-content\/uploads\/2022\/01\/SDG-icon-DE-06-1.jpg?resize=200%2C200&amp;ssl=1 200w, https:\/\/i0.wp.com\/tinypopup.de\/wp-content\/uploads\/2022\/01\/SDG-icon-DE-06-1.jpg?resize=300%2C300&amp;ssl=1 300w, https:\/\/i0.wp.com\/tinypopup.de\/wp-content\/uploads\/2022\/01\/SDG-icon-DE-06-1.jpg?resize=400%2C400&amp;ssl=1 400w, https:\/\/i0.wp.com\/tinypopup.de\/wp-content\/uploads\/2022\/01\/SDG-icon-DE-06-1.jpg?resize=600%2C600&amp;ssl=1 600w, https:\/\/i0.wp.com\/tinypopup.de\/wp-content\/uploads\/2022\/01\/SDG-icon-DE-06-1.jpg?resize=768%2C768&amp;ssl=1 768w, https:\/\/i0.wp.com\/tinypopup.de\/wp-content\/uploads\/2022\/01\/SDG-icon-DE-06-1.jpg?resize=800%2C800&amp;ssl=1 800w, https:\/\/i0.wp.com\/tinypopup.de\/wp-content\/uploads\/2022\/01\/SDG-icon-DE-06-1.jpg?fit=886%2C886&amp;ssl=1 886w\" data-sizes=\"auto\" data-orig-sizes=\"(min-width: 2200px) 100vw, (min-width: 915px) 289px, (min-width: 824px) 385px, (min-width: 732px) 578px, (min-width: 640px) 732px, \" \/><\/a><\/div><\/div><div style=\"padding:5px;\" class=\"fusion-grid-column fusion-gallery-column fusion-gallery-column-4 hover-type-none\"><div class=\"fusion-gallery-image\"><a href=\"https:\/\/i0.wp.com\/tinypopup.de\/wp-content\/uploads\/2022\/01\/SDG-icon-DE-07.jpg?fit=886%2C886&#038;ssl=1\" rel=\"noreferrer\" data-rel=\"iLightbox[gallery_image_2]\" class=\"fusion-lightbox\" target=\"_self\"><img decoding=\"async\" src=\"https:\/\/i0.wp.com\/tinypopup.de\/wp-content\/uploads\/2022\/01\/SDG-icon-DE-07.jpg?fit=886%2C886&ssl=1\" data-orig-src=\"https:\/\/i0.wp.com\/tinypopup.de\/wp-content\/uploads\/2022\/01\/SDG-icon-DE-07.jpg?fit=886%2C886&#038;ssl=1\" width=\"886\" height=\"886\" alt=\"\" title=\"SDG-icon-DE-07\" aria-label=\"SDG-icon-DE-07\" class=\"lazyload img-responsive wp-image-2075\" srcset=\"data:image\/svg+xml,%3Csvg%20xmlns%3D%27http%3A%2F%2Fwww.w3.org%2F2000%2Fsvg%27%20width%3D%27886%27%20height%3D%27886%27%20viewBox%3D%270%200%20886%20886%27%3E%3Crect%20width%3D%27886%27%20height%3D%27886%27%20fill-opacity%3D%220%22%2F%3E%3C%2Fsvg%3E\" data-srcset=\"https:\/\/i0.wp.com\/tinypopup.de\/wp-content\/uploads\/2022\/01\/SDG-icon-DE-07.jpg?resize=66%2C66&amp;ssl=1 66w, https:\/\/i0.wp.com\/tinypopup.de\/wp-content\/uploads\/2022\/01\/SDG-icon-DE-07.jpg?resize=150%2C150&amp;ssl=1 150w, https:\/\/i0.wp.com\/tinypopup.de\/wp-content\/uploads\/2022\/01\/SDG-icon-DE-07.jpg?resize=200%2C200&amp;ssl=1 200w, https:\/\/i0.wp.com\/tinypopup.de\/wp-content\/uploads\/2022\/01\/SDG-icon-DE-07.jpg?resize=300%2C300&amp;ssl=1 300w, https:\/\/i0.wp.com\/tinypopup.de\/wp-content\/uploads\/2022\/01\/SDG-icon-DE-07.jpg?resize=400%2C400&amp;ssl=1 400w, https:\/\/i0.wp.com\/tinypopup.de\/wp-content\/uploads\/2022\/01\/SDG-icon-DE-07.jpg?resize=600%2C600&amp;ssl=1 600w, https:\/\/i0.wp.com\/tinypopup.de\/wp-content\/uploads\/2022\/01\/SDG-icon-DE-07.jpg?resize=768%2C768&amp;ssl=1 768w, https:\/\/i0.wp.com\/tinypopup.de\/wp-content\/uploads\/2022\/01\/SDG-icon-DE-07.jpg?resize=800%2C800&amp;ssl=1 800w, https:\/\/i0.wp.com\/tinypopup.de\/wp-content\/uploads\/2022\/01\/SDG-icon-DE-07.jpg?fit=886%2C886&amp;ssl=1 886w\" data-sizes=\"auto\" data-orig-sizes=\"(min-width: 2200px) 100vw, (min-width: 915px) 289px, (min-width: 824px) 385px, (min-width: 732px) 578px, (min-width: 640px) 732px, \" \/><\/a><\/div><\/div><div class=\"clearfix\"><\/div><div style=\"padding:5px;\" class=\"fusion-grid-column fusion-gallery-column fusion-gallery-column-4 hover-type-none\"><div class=\"fusion-gallery-image\"><a href=\"https:\/\/i0.wp.com\/tinypopup.de\/wp-content\/uploads\/2022\/01\/SDG-icon-DE-11.jpg?fit=886%2C886&#038;ssl=1\" rel=\"noreferrer\" data-rel=\"iLightbox[gallery_image_2]\" class=\"fusion-lightbox\" target=\"_self\"><img decoding=\"async\" src=\"https:\/\/i0.wp.com\/tinypopup.de\/wp-content\/uploads\/2022\/01\/SDG-icon-DE-11.jpg?fit=886%2C886&ssl=1\" data-orig-src=\"https:\/\/i0.wp.com\/tinypopup.de\/wp-content\/uploads\/2022\/01\/SDG-icon-DE-11.jpg?fit=886%2C886&#038;ssl=1\" width=\"886\" height=\"886\" alt=\"\" title=\"SDG-icon-DE-11\" aria-label=\"SDG-icon-DE-11\" class=\"lazyload img-responsive wp-image-2079\" srcset=\"data:image\/svg+xml,%3Csvg%20xmlns%3D%27http%3A%2F%2Fwww.w3.org%2F2000%2Fsvg%27%20width%3D%27886%27%20height%3D%27886%27%20viewBox%3D%270%200%20886%20886%27%3E%3Crect%20width%3D%27886%27%20height%3D%27886%27%20fill-opacity%3D%220%22%2F%3E%3C%2Fsvg%3E\" data-srcset=\"https:\/\/i0.wp.com\/tinypopup.de\/wp-content\/uploads\/2022\/01\/SDG-icon-DE-11.jpg?resize=66%2C66&amp;ssl=1 66w, https:\/\/i0.wp.com\/tinypopup.de\/wp-content\/uploads\/2022\/01\/SDG-icon-DE-11.jpg?resize=150%2C150&amp;ssl=1 150w, https:\/\/i0.wp.com\/tinypopup.de\/wp-content\/uploads\/2022\/01\/SDG-icon-DE-11.jpg?resize=200%2C200&amp;ssl=1 200w, https:\/\/i0.wp.com\/tinypopup.de\/wp-content\/uploads\/2022\/01\/SDG-icon-DE-11.jpg?resize=300%2C300&amp;ssl=1 300w, https:\/\/i0.wp.com\/tinypopup.de\/wp-content\/uploads\/2022\/01\/SDG-icon-DE-11.jpg?resize=400%2C400&amp;ssl=1 400w, https:\/\/i0.wp.com\/tinypopup.de\/wp-content\/uploads\/2022\/01\/SDG-icon-DE-11.jpg?resize=600%2C600&amp;ssl=1 600w, https:\/\/i0.wp.com\/tinypopup.de\/wp-content\/uploads\/2022\/01\/SDG-icon-DE-11.jpg?resize=768%2C768&amp;ssl=1 768w, https:\/\/i0.wp.com\/tinypopup.de\/wp-content\/uploads\/2022\/01\/SDG-icon-DE-11.jpg?resize=800%2C800&amp;ssl=1 800w, https:\/\/i0.wp.com\/tinypopup.de\/wp-content\/uploads\/2022\/01\/SDG-icon-DE-11.jpg?fit=886%2C886&amp;ssl=1 886w\" data-sizes=\"auto\" data-orig-sizes=\"(min-width: 2200px) 100vw, (min-width: 915px) 289px, (min-width: 824px) 385px, (min-width: 732px) 578px, (min-width: 640px) 732px, \" \/><\/a><\/div><\/div><div style=\"padding:5px;\" class=\"fusion-grid-column fusion-gallery-column fusion-gallery-column-4 hover-type-none\"><div class=\"fusion-gallery-image\"><a href=\"https:\/\/i0.wp.com\/tinypopup.de\/wp-content\/uploads\/2022\/01\/SDG-icon-DE-12.jpg?fit=886%2C886&#038;ssl=1\" rel=\"noreferrer\" data-rel=\"iLightbox[gallery_image_2]\" class=\"fusion-lightbox\" target=\"_self\"><img decoding=\"async\" src=\"https:\/\/i0.wp.com\/tinypopup.de\/wp-content\/uploads\/2022\/01\/SDG-icon-DE-12.jpg?fit=886%2C886&ssl=1\" data-orig-src=\"https:\/\/i0.wp.com\/tinypopup.de\/wp-content\/uploads\/2022\/01\/SDG-icon-DE-12.jpg?fit=886%2C886&#038;ssl=1\" width=\"886\" height=\"886\" alt=\"\" title=\"SDG-icon-DE-12\" aria-label=\"SDG-icon-DE-12\" class=\"lazyload img-responsive wp-image-2080\" srcset=\"data:image\/svg+xml,%3Csvg%20xmlns%3D%27http%3A%2F%2Fwww.w3.org%2F2000%2Fsvg%27%20width%3D%27886%27%20height%3D%27886%27%20viewBox%3D%270%200%20886%20886%27%3E%3Crect%20width%3D%27886%27%20height%3D%27886%27%20fill-opacity%3D%220%22%2F%3E%3C%2Fsvg%3E\" data-srcset=\"https:\/\/i0.wp.com\/tinypopup.de\/wp-content\/uploads\/2022\/01\/SDG-icon-DE-12.jpg?resize=66%2C66&amp;ssl=1 66w, https:\/\/i0.wp.com\/tinypopup.de\/wp-content\/uploads\/2022\/01\/SDG-icon-DE-12.jpg?resize=150%2C150&amp;ssl=1 150w, https:\/\/i0.wp.com\/tinypopup.de\/wp-content\/uploads\/2022\/01\/SDG-icon-DE-12.jpg?resize=200%2C200&amp;ssl=1 200w, https:\/\/i0.wp.com\/tinypopup.de\/wp-content\/uploads\/2022\/01\/SDG-icon-DE-12.jpg?resize=300%2C300&amp;ssl=1 300w, https:\/\/i0.wp.com\/tinypopup.de\/wp-content\/uploads\/2022\/01\/SDG-icon-DE-12.jpg?resize=400%2C400&amp;ssl=1 400w, https:\/\/i0.wp.com\/tinypopup.de\/wp-content\/uploads\/2022\/01\/SDG-icon-DE-12.jpg?resize=600%2C600&amp;ssl=1 600w, https:\/\/i0.wp.com\/tinypopup.de\/wp-content\/uploads\/2022\/01\/SDG-icon-DE-12.jpg?resize=768%2C768&amp;ssl=1 768w, https:\/\/i0.wp.com\/tinypopup.de\/wp-content\/uploads\/2022\/01\/SDG-icon-DE-12.jpg?resize=800%2C800&amp;ssl=1 800w, https:\/\/i0.wp.com\/tinypopup.de\/wp-content\/uploads\/2022\/01\/SDG-icon-DE-12.jpg?fit=886%2C886&amp;ssl=1 886w\" data-sizes=\"auto\" data-orig-sizes=\"(min-width: 2200px) 100vw, (min-width: 915px) 289px, (min-width: 824px) 385px, (min-width: 732px) 578px, (min-width: 640px) 732px, \" \/><\/a><\/div><\/div><div style=\"padding:5px;\" class=\"fusion-grid-column fusion-gallery-column fusion-gallery-column-4 hover-type-none\"><div class=\"fusion-gallery-image\"><a href=\"https:\/\/i0.wp.com\/tinypopup.de\/wp-content\/uploads\/2022\/01\/SDG-icon-DE-13.jpg?fit=886%2C886&#038;ssl=1\" rel=\"noreferrer\" data-rel=\"iLightbox[gallery_image_2]\" class=\"fusion-lightbox\" target=\"_self\"><img decoding=\"async\" src=\"https:\/\/i0.wp.com\/tinypopup.de\/wp-content\/uploads\/2022\/01\/SDG-icon-DE-13.jpg?fit=886%2C886&ssl=1\" data-orig-src=\"https:\/\/i0.wp.com\/tinypopup.de\/wp-content\/uploads\/2022\/01\/SDG-icon-DE-13.jpg?fit=886%2C886&#038;ssl=1\" width=\"886\" height=\"886\" alt=\"\" title=\"SDG-icon-DE-13\" aria-label=\"SDG-icon-DE-13\" class=\"lazyload img-responsive wp-image-2081\" srcset=\"data:image\/svg+xml,%3Csvg%20xmlns%3D%27http%3A%2F%2Fwww.w3.org%2F2000%2Fsvg%27%20width%3D%27886%27%20height%3D%27886%27%20viewBox%3D%270%200%20886%20886%27%3E%3Crect%20width%3D%27886%27%20height%3D%27886%27%20fill-opacity%3D%220%22%2F%3E%3C%2Fsvg%3E\" data-srcset=\"https:\/\/i0.wp.com\/tinypopup.de\/wp-content\/uploads\/2022\/01\/SDG-icon-DE-13.jpg?resize=66%2C66&amp;ssl=1 66w, https:\/\/i0.wp.com\/tinypopup.de\/wp-content\/uploads\/2022\/01\/SDG-icon-DE-13.jpg?resize=150%2C150&amp;ssl=1 150w, https:\/\/i0.wp.com\/tinypopup.de\/wp-content\/uploads\/2022\/01\/SDG-icon-DE-13.jpg?resize=200%2C200&amp;ssl=1 200w, https:\/\/i0.wp.com\/tinypopup.de\/wp-content\/uploads\/2022\/01\/SDG-icon-DE-13.jpg?resize=300%2C300&amp;ssl=1 300w, https:\/\/i0.wp.com\/tinypopup.de\/wp-content\/uploads\/2022\/01\/SDG-icon-DE-13.jpg?resize=400%2C400&amp;ssl=1 400w, https:\/\/i0.wp.com\/tinypopup.de\/wp-content\/uploads\/2022\/01\/SDG-icon-DE-13.jpg?resize=600%2C600&amp;ssl=1 600w, https:\/\/i0.wp.com\/tinypopup.de\/wp-content\/uploads\/2022\/01\/SDG-icon-DE-13.jpg?resize=768%2C768&amp;ssl=1 768w, https:\/\/i0.wp.com\/tinypopup.de\/wp-content\/uploads\/2022\/01\/SDG-icon-DE-13.jpg?resize=800%2C800&amp;ssl=1 800w, https:\/\/i0.wp.com\/tinypopup.de\/wp-content\/uploads\/2022\/01\/SDG-icon-DE-13.jpg?fit=886%2C886&amp;ssl=1 886w\" data-sizes=\"auto\" data-orig-sizes=\"(min-width: 2200px) 100vw, (min-width: 915px) 289px, (min-width: 824px) 385px, (min-width: 732px) 578px, (min-width: 640px) 732px, \" \/><\/a><\/div><\/div><div style=\"padding:5px;\" class=\"fusion-grid-column fusion-gallery-column fusion-gallery-column-4 hover-type-none\"><div class=\"fusion-gallery-image\"><a href=\"https:\/\/i0.wp.com\/tinypopup.de\/wp-content\/uploads\/2022\/01\/SDG-icon-DE-15.jpg?fit=886%2C886&#038;ssl=1\" rel=\"noreferrer\" data-rel=\"iLightbox[gallery_image_2]\" class=\"fusion-lightbox\" target=\"_self\"><img decoding=\"async\" src=\"https:\/\/i0.wp.com\/tinypopup.de\/wp-content\/uploads\/2022\/01\/SDG-icon-DE-15.jpg?fit=886%2C886&ssl=1\" data-orig-src=\"https:\/\/i0.wp.com\/tinypopup.de\/wp-content\/uploads\/2022\/01\/SDG-icon-DE-15.jpg?fit=886%2C886&#038;ssl=1\" width=\"886\" height=\"886\" alt=\"\" title=\"SDG-icon-DE-15\" aria-label=\"SDG-icon-DE-15\" class=\"lazyload img-responsive wp-image-2083\" srcset=\"data:image\/svg+xml,%3Csvg%20xmlns%3D%27http%3A%2F%2Fwww.w3.org%2F2000%2Fsvg%27%20width%3D%27886%27%20height%3D%27886%27%20viewBox%3D%270%200%20886%20886%27%3E%3Crect%20width%3D%27886%27%20height%3D%27886%27%20fill-opacity%3D%220%22%2F%3E%3C%2Fsvg%3E\" data-srcset=\"https:\/\/i0.wp.com\/tinypopup.de\/wp-content\/uploads\/2022\/01\/SDG-icon-DE-15.jpg?resize=66%2C66&amp;ssl=1 66w, https:\/\/i0.wp.com\/tinypopup.de\/wp-content\/uploads\/2022\/01\/SDG-icon-DE-15.jpg?resize=150%2C150&amp;ssl=1 150w, https:\/\/i0.wp.com\/tinypopup.de\/wp-content\/uploads\/2022\/01\/SDG-icon-DE-15.jpg?resize=200%2C200&amp;ssl=1 200w, https:\/\/i0.wp.com\/tinypopup.de\/wp-content\/uploads\/2022\/01\/SDG-icon-DE-15.jpg?resize=300%2C300&amp;ssl=1 300w, https:\/\/i0.wp.com\/tinypopup.de\/wp-content\/uploads\/2022\/01\/SDG-icon-DE-15.jpg?resize=400%2C400&amp;ssl=1 400w, https:\/\/i0.wp.com\/tinypopup.de\/wp-content\/uploads\/2022\/01\/SDG-icon-DE-15.jpg?resize=600%2C600&amp;ssl=1 600w, https:\/\/i0.wp.com\/tinypopup.de\/wp-content\/uploads\/2022\/01\/SDG-icon-DE-15.jpg?resize=768%2C768&amp;ssl=1 768w, https:\/\/i0.wp.com\/tinypopup.de\/wp-content\/uploads\/2022\/01\/SDG-icon-DE-15.jpg?resize=800%2C800&amp;ssl=1 800w, https:\/\/i0.wp.com\/tinypopup.de\/wp-content\/uploads\/2022\/01\/SDG-icon-DE-15.jpg?fit=886%2C886&amp;ssl=1 886w\" data-sizes=\"auto\" data-orig-sizes=\"(min-width: 2200px) 100vw, (min-width: 915px) 289px, (min-width: 824px) 385px, (min-width: 732px) 578px, (min-width: 640px) 732px, \" \/><\/a><\/div><\/div><div class=\"clearfix\"><\/div><div style=\"padding:5px;\" class=\"fusion-grid-column fusion-gallery-column fusion-gallery-column-4 hover-type-none\"><div class=\"fusion-gallery-image\"><a href=\"https:\/\/i0.wp.com\/tinypopup.de\/wp-content\/uploads\/2022\/01\/SDG-icon-DE-17.jpg?fit=886%2C886&#038;ssl=1\" rel=\"noreferrer\" data-rel=\"iLightbox[gallery_image_2]\" class=\"fusion-lightbox\" target=\"_self\"><img decoding=\"async\" src=\"https:\/\/i0.wp.com\/tinypopup.de\/wp-content\/uploads\/2022\/01\/SDG-icon-DE-17.jpg?fit=886%2C886&ssl=1\" data-orig-src=\"https:\/\/i0.wp.com\/tinypopup.de\/wp-content\/uploads\/2022\/01\/SDG-icon-DE-17.jpg?fit=886%2C886&#038;ssl=1\" width=\"886\" height=\"886\" alt=\"\" title=\"SDG-icon-DE-17\" aria-label=\"SDG-icon-DE-17\" class=\"lazyload img-responsive wp-image-2085\" srcset=\"data:image\/svg+xml,%3Csvg%20xmlns%3D%27http%3A%2F%2Fwww.w3.org%2F2000%2Fsvg%27%20width%3D%27886%27%20height%3D%27886%27%20viewBox%3D%270%200%20886%20886%27%3E%3Crect%20width%3D%27886%27%20height%3D%27886%27%20fill-opacity%3D%220%22%2F%3E%3C%2Fsvg%3E\" data-srcset=\"https:\/\/i0.wp.com\/tinypopup.de\/wp-content\/uploads\/2022\/01\/SDG-icon-DE-17.jpg?resize=66%2C66&amp;ssl=1 66w, https:\/\/i0.wp.com\/tinypopup.de\/wp-content\/uploads\/2022\/01\/SDG-icon-DE-17.jpg?resize=150%2C150&amp;ssl=1 150w, https:\/\/i0.wp.com\/tinypopup.de\/wp-content\/uploads\/2022\/01\/SDG-icon-DE-17.jpg?resize=200%2C200&amp;ssl=1 200w, https:\/\/i0.wp.com\/tinypopup.de\/wp-content\/uploads\/2022\/01\/SDG-icon-DE-17.jpg?resize=300%2C300&amp;ssl=1 300w, https:\/\/i0.wp.com\/tinypopup.de\/wp-content\/uploads\/2022\/01\/SDG-icon-DE-17.jpg?resize=400%2C400&amp;ssl=1 400w, https:\/\/i0.wp.com\/tinypopup.de\/wp-content\/uploads\/2022\/01\/SDG-icon-DE-17.jpg?resize=600%2C600&amp;ssl=1 600w, https:\/\/i0.wp.com\/tinypopup.de\/wp-content\/uploads\/2022\/01\/SDG-icon-DE-17.jpg?resize=768%2C768&amp;ssl=1 768w, https:\/\/i0.wp.com\/tinypopup.de\/wp-content\/uploads\/2022\/01\/SDG-icon-DE-17.jpg?resize=800%2C800&amp;ssl=1 800w, https:\/\/i0.wp.com\/tinypopup.de\/wp-content\/uploads\/2022\/01\/SDG-icon-DE-17.jpg?fit=886%2C886&amp;ssl=1 886w\" data-sizes=\"auto\" data-orig-sizes=\"(min-width: 2200px) 100vw, (min-width: 915px) 289px, (min-width: 824px) 385px, (min-width: 732px) 578px, (min-width: 640px) 732px, \" \/><\/a><\/div><\/div><\/div><div ><style>.fusion-button.button-2{border-radius:0px 0px 0px 0px;}<\/style><a class=\"fusion-button button-flat fusion-button-default-size button-default button-2 fusion-button-default-span fusion-button-default-type\" target=\"_self\" href=\"https:\/\/17ziele.de\/\" rel=\"noopener\"><span class=\"fusion-button-text\">Mehr zu den UN SDG Zielen<\/span><\/a><\/div><\/div><style type=\"text\/css\">.fusion-body .fusion-builder-column-7{width:100% !important;margin-top : 0px;margin-bottom : 20px;}.fusion-builder-column-7 > .fusion-column-wrapper {padding-top : 0px !important;padding-right : 0px !important;margin-right : 1.92%;padding-bottom : 0px !important;padding-left : 0px !important;margin-left : 1.92%;}@media only screen and (max-width:800px) {.fusion-body .fusion-builder-column-7{width:100% !important;order : 0;}.fusion-builder-column-7 > .fusion-column-wrapper {margin-right : 1.92%;margin-left : 1.92%;}}@media only screen and (max-width:640px) {.fusion-body .fusion-builder-column-7{width:100% !important;order : 0;}.fusion-builder-column-7 > .fusion-column-wrapper {margin-right : 1.92%;margin-left : 1.92%;}}<\/style><\/div><\/div><style type=\"text\/css\">.fusion-body .fusion-flex-container.fusion-builder-row-1{ padding-top : 0px;margin-top : 0px;padding-right : 0px;padding-bottom : 0px;margin-bottom : 0px;padding-left : 0px;}<\/style><\/div>\n","protected":false},"excerpt":{"rendered":"","protected":false},"author":1,"featured_media":4892,"comment_status":"closed","ping_status":"open","sticky":false,"template":"","format":"standard","meta":{"_jetpack_memberships_contains_paid_content":false,"footnotes":""},"categories":[5,102,1],"tags":[183,233,112,116,176,164,181,139,168,272,106,189],"class_list":["post-4888","post","type-post","status-publish","format-standard","has-post-thumbnail","hentry","category-event","category-garten","category-uncategorized","tag-fuehrung","tag-garten","tag-kleinwohnformen","tag-muenchen","tag-nachhaltigkeit","tag-nachverdichtung","tag-oekologisch","tag-pressebericht","tag-ressourcenschonung","tag-tag-der-offenen-gartentuer","tag-tiny-house","tag-veranstaltung"],"jetpack_featured_media_url":"https:\/\/i0.wp.com\/tinypopup.de\/wp-content\/uploads\/2025\/07\/tag-der-offenen-gartentuer-tiny-pop_up-muenchen-felicia-rief.jpeg?fit=1600%2C1200&ssl=1","jetpack-related-posts":[],"jetpack_sharing_enabled":true,"_links":{"self":[{"href":"https:\/\/tinypopup.de\/tiny-house-muenchen\/wp-json\/wp\/v2\/posts\/4888","targetHints":{"allow":["GET"]}}],"collection":[{"href":"https:\/\/tinypopup.de\/tiny-house-muenchen\/wp-json\/wp\/v2\/posts"}],"about":[{"href":"https:\/\/tinypopup.de\/tiny-house-muenchen\/wp-json\/wp\/v2\/types\/post"}],"author":[{"embeddable":true,"href":"https:\/\/tinypopup.de\/tiny-house-muenchen\/wp-json\/wp\/v2\/users\/1"}],"replies":[{"embeddable":true,"href":"https:\/\/tinypopup.de\/tiny-house-muenchen\/wp-json\/wp\/v2\/comments?post=4888"}],"version-history":[{"count":0,"href":"https:\/\/tinypopup.de\/tiny-house-muenchen\/wp-json\/wp\/v2\/posts\/4888\/revisions"}],"wp:featuredmedia":[{"embeddable":true,"href":"https:\/\/tinypopup.de\/tiny-house-muenchen\/wp-json\/wp\/v2\/media\/4892"}],"wp:attachment":[{"href":"https:\/\/tinypopup.de\/tiny-house-muenchen\/wp-json\/wp\/v2\/media?parent=4888"}],"wp:term":[{"taxonomy":"category","embeddable":true,"href":"https:\/\/tinypopup.de\/tiny-house-muenchen\/wp-json\/wp\/v2\/categories?post=4888"},{"taxonomy":"post_tag","embeddable":true,"href":"https:\/\/tinypopup.de\/tiny-house-muenchen\/wp-json\/wp\/v2\/tags?post=4888"}],"curies":[{"name":"wp","href":"https:\/\/api.w.org\/{rel}","templated":true}]}}